{"id":1047,"date":"2011-03-24T07:37:06","date_gmt":"2011-03-24T07:37:06","guid":{"rendered":"http:\/\/www.tacoandco.fr\/?p=1047"},"modified":"2011-03-24T07:37:06","modified_gmt":"2011-03-24T07:37:06","slug":"les-escales-du-cargo-du-19-au-23-juillet-2011-au-theatre-antique-darles","status":"publish","type":"post","link":"https:\/\/www.tacoandco.fr\/en\/blog\/2011\/03\/24\/les-escales-du-cargo-du-19-au-23-juillet-2011-au-theatre-antique-darles\/","title":{"rendered":"Les Escales du Cargo du 19 au 23 Juillet 2011 au Th\u00e9\u00e2tre antique d&rsquo;Arles."},"content":{"rendered":"<p>La 7 \u00e9me \u00e9dition des Escales du Cargo aura lieu au\u00a0Th\u00e9\u00e2tre\u00a0Antique d&rsquo;Arles du 19 au 23 Juillet 2011.<\/p>\n<p>Avec entre autres: Angus et Julia Stone \/ Selah Sue \/ Bryan Ferry.<\/p>\n<p>Programmation compl\u00e8te et\u00a0r\u00e9servations\u00a0ici:\u00a0<a title=\"Les escales du Cargo Arles\" href=\"http:\/\/www.escales-cargo.com\/\" target=\"_blank\">http:\/\/www.escales-cargo.com\/<\/a><\/p>\n<figure id=\"attachment_1048\" aria-describedby=\"caption-attachment-1048\" style=\"width: 180px\" class=\"wp-caption aligncenter\"><a href=\"http:\/\/www.tacoandco.fr\/wp-content\/uploads\/2011\/03\/Escales-Cargo-2011.jpg\"><img decoding=\"async\" class=\"size-full wp-image-1048\" title=\"Escales Cargo 2011\" src=\"http:\/\/www.tacoandco.fr\/wp-content\/uploads\/2011\/03\/Escales-Cargo-2011.jpg\" alt=\"Escales Cargo 2011\" width=\"180\" height=\"148\" \/><\/a><figcaption id=\"caption-attachment-1048\" class=\"wp-caption-text\">Les Escales du Cargo 2011<\/figcaption><\/figure>","protected":false},"excerpt":{"rendered":"<p>La 7 \u00e9me \u00e9dition des Escales du Cargo aura lieu au\u00a0Th\u00e9\u00e2tre\u00a0Antique d&rsquo;Arles du 19 au 23 Juillet 2011. Avec entre autres: Angus et Julia Stone \/ Selah Sue \/ Bryan Ferry. Programmation compl\u00e8te et\u00a0r\u00e9servations\u00a0ici:\u00a0http:\/\/www.escales-cargo.com\/<\/p>","protected":false},"author":2,"featured_media":1048,"comment_status":"closed","ping_status":"closed","sticky":false,"template":"","format":"standard","meta":{"footnotes":""},"categories":[16,15],"tags":[],"class_list":["post-1047","post","type-post","status-publish","format-standard","has-post-thumbnail","hentry","category-agendaarles","category-liensutiles","entry","has-media"],"aioseo_notices":[],"_links":{"self":[{"href":"https:\/\/www.tacoandco.fr\/en\/wp-json\/wp\/v2\/posts\/1047","targetHints":{"allow":["GET"]}}],"collection":[{"href":"https:\/\/www.tacoandco.fr\/en\/wp-json\/wp\/v2\/posts"}],"about":[{"href":"https:\/\/www.tacoandco.fr\/en\/wp-json\/wp\/v2\/types\/post"}],"author":[{"embeddable":true,"href":"https:\/\/www.tacoandco.fr\/en\/wp-json\/wp\/v2\/users\/2"}],"replies":[{"embeddable":true,"href":"https:\/\/www.tacoandco.fr\/en\/wp-json\/wp\/v2\/comments?post=1047"}],"version-history":[{"count":0,"href":"https:\/\/www.tacoandco.fr\/en\/wp-json\/wp\/v2\/posts\/1047\/revisions"}],"wp:featuredmedia":[{"embeddable":true,"href":"https:\/\/www.tacoandco.fr\/en\/wp-json\/wp\/v2\/media\/1048"}],"wp:attachment":[{"href":"https:\/\/www.tacoandco.fr\/en\/wp-json\/wp\/v2\/media?parent=1047"}],"wp:term":[{"taxonomy":"category","embeddable":true,"href":"https:\/\/www.tacoandco.fr\/en\/wp-json\/wp\/v2\/categories?post=1047"},{"taxonomy":"post_tag","embeddable":true,"href":"https:\/\/www.tacoandco.fr\/en\/wp-json\/wp\/v2\/tags?post=1047"}],"curies":[{"name":"wp","href":"https:\/\/api.w.org\/{rel}","templated":true}]}}