{"id":1091,"date":"2011-05-19T12:22:13","date_gmt":"2011-05-19T12:22:13","guid":{"rendered":"http:\/\/www.tacoandco.fr\/?p=1091"},"modified":"2011-05-19T12:26:42","modified_gmt":"2011-05-19T12:26:42","slug":"la-fete-des-vignerons-des-baux-le-samedi-28-mai-2011-a-saint-remy-de-provence","status":"publish","type":"post","link":"https:\/\/www.tacoandco.fr\/en\/blog\/2011\/05\/19\/la-fete-des-vignerons-des-baux-le-samedi-28-mai-2011-a-saint-remy-de-provence\/","title":{"rendered":"La f\u00eate des vignerons des Baux, le samedi 28 Mai 2011 \u00e0 Saint-Remy de Provence"},"content":{"rendered":"<p>Pour la deuxi\u00e8me ann\u00e9e cons\u00e9cutive, Taco and Co vous invite \u00e0 \u00ab\u00a0la f\u00eate des vignerons des Baux\u00a0\u00bb qui aura lieu le Samedi 28 Mai, \u00a0de 10h \u00e0 19h \u00e0 Saint-Remy de Provence.<\/p>\n<p>Les vignerons de la vall\u00e9e des Baux vous attendent de 10h00 \u00e0 19h00, place Favier pour vous faire d\u00e9guster leurs vins et\u00a0notamment\u00a0le \u00a0mill\u00e9sime\u00a02010 en blanc et en ros\u00e9.<\/p>\n<p>Venez nombreux d\u00e9couvrir les vignobles qui composent cette\u00a0appellation .<\/p>\n<p>Tapas et animation musicale seront \u00e9galement au Rendez-vous.<\/p>\n<p><a href=\"http:\/\/www.tacoandco.fr\/wp-content\/uploads\/2011\/05\/F\u00eate-des-vignerons-des-Baux-2011.jpg\"><img fetchpriority=\"high\" decoding=\"async\" class=\"aligncenter size-full wp-image-1094\" title=\"F\u00eate des vignerons des Baux 2011\" src=\"http:\/\/www.tacoandco.fr\/wp-content\/uploads\/2011\/05\/F\u00eate-des-vignerons-des-Baux-2011.jpg\" alt=\"\" width=\"205\" height=\"308\" srcset=\"https:\/\/www.tacoandco.fr\/wp-content\/uploads\/2011\/05\/F\u00eate-des-vignerons-des-Baux-2011.jpg 205w, https:\/\/www.tacoandco.fr\/wp-content\/uploads\/2011\/05\/F\u00eate-des-vignerons-des-Baux-2011-199x300.jpg 199w\" sizes=\"(max-width: 205px) 100vw, 205px\" \/><\/a><\/p>\n<p>&nbsp;<\/p>\n<p>&nbsp;<\/p>","protected":false},"excerpt":{"rendered":"<p>Pour la deuxi\u00e8me ann\u00e9e cons\u00e9cutive, Taco and Co vous invite \u00e0 \u00ab\u00a0la f\u00eate des vignerons des Baux\u00a0\u00bb qui aura lieu le Samedi 28 Mai, \u00a0de 10h \u00e0 19h \u00e0 Saint-Remy de Provence. Les vignerons de la vall\u00e9e des Baux vous attendent de 10h00 \u00e0 19h00, place Favier pour vous faire d\u00e9guster leurs vins et\u00a0notamment\u00a0le \u00a0mill\u00e9sime\u00a02010 [&hellip;]<\/p>","protected":false},"author":2,"featured_media":1094,"comment_status":"closed","ping_status":"closed","sticky":false,"template":"","format":"standard","meta":{"footnotes":""},"categories":[4,3],"tags":[],"class_list":["post-1091","post","type-post","status-publish","format-standard","has-post-thumbnail","hentry","category-accueil","category-actualites","entry","has-media"],"aioseo_notices":[],"_links":{"self":[{"href":"https:\/\/www.tacoandco.fr\/en\/wp-json\/wp\/v2\/posts\/1091","targetHints":{"allow":["GET"]}}],"collection":[{"href":"https:\/\/www.tacoandco.fr\/en\/wp-json\/wp\/v2\/posts"}],"about":[{"href":"https:\/\/www.tacoandco.fr\/en\/wp-json\/wp\/v2\/types\/post"}],"author":[{"embeddable":true,"href":"https:\/\/www.tacoandco.fr\/en\/wp-json\/wp\/v2\/users\/2"}],"replies":[{"embeddable":true,"href":"https:\/\/www.tacoandco.fr\/en\/wp-json\/wp\/v2\/comments?post=1091"}],"version-history":[{"count":0,"href":"https:\/\/www.tacoandco.fr\/en\/wp-json\/wp\/v2\/posts\/1091\/revisions"}],"wp:featuredmedia":[{"embeddable":true,"href":"https:\/\/www.tacoandco.fr\/en\/wp-json\/wp\/v2\/media\/1094"}],"wp:attachment":[{"href":"https:\/\/www.tacoandco.fr\/en\/wp-json\/wp\/v2\/media?parent=1091"}],"wp:term":[{"taxonomy":"category","embeddable":true,"href":"https:\/\/www.tacoandco.fr\/en\/wp-json\/wp\/v2\/categories?post=1091"},{"taxonomy":"post_tag","embeddable":true,"href":"https:\/\/www.tacoandco.fr\/en\/wp-json\/wp\/v2\/tags?post=1091"}],"curies":[{"name":"wp","href":"https:\/\/api.w.org\/{rel}","templated":true}]}}