{"id":111,"date":"2010-03-14T21:53:46","date_gmt":"2010-03-14T21:53:46","guid":{"rendered":"http:\/\/www.tacoandco.fr\/?p=111"},"modified":"2013-03-26T07:20:31","modified_gmt":"2013-03-26T07:20:31","slug":"feria-arles-date-de-la-feria-de-paques-2010","status":"publish","type":"post","link":"https:\/\/www.tacoandco.fr\/en\/blog\/2010\/03\/14\/feria-arles-date-de-la-feria-de-paques-2010\/","title":{"rendered":"F\u00e9ria Arles : date de la F\u00e9ria de P\u00e2ques 2010"},"content":{"rendered":"<p style=\"text-align: justify\">Voici le lien pour acc\u00e9der au programme de la f\u00e9ria de P\u00e2ques 2013:<a title=\"http:\/\/www.tacoandco.fr\/blog\/2013\/03\/13\/feria-de-paques-darles-du-29-mars-au-1er-avril-2013-voici-le-programme\/\" href=\"http:\/\/www.tacoandco.fr\/en\/blog\/2013\/03\/13\/feria-de-paques-darles-du-29-mars-au-1er-avril-2013-voici-le-programme\/\" target=\"_blank\">http:\/\/www.tacoandco.fr\/blog\/2013\/03\/13\/feria-de-paques-darles-du-29-mars-au-1er-avril-2013-voici-le-programme\/<\/a><\/p>\n<p style=\"text-align: justify\">Le printemps revient, la <strong>F\u00e9ria d&rsquo;Arles<\/strong> aussi!<\/p>\n<p style=\"text-align: justify\">Aficionados et touristes en tout genre, vous qui aimez fl\u00e2ner dans les rues de notre belle ville, voici les dates de la tr\u00e8s attendue <strong>F\u00e9ria de P\u00e2ques 2010 en Arles<\/strong> : Les 2, 3, 4 et 5 avril !<\/p>\n<p style=\"text-align: justify\">Taco and co est \u00e0 votre service pour vous accompagner au c\u0153ur de la f\u00eate depuis les parking jusqu&rsquo;au centre ville.<\/p>\n<p style=\"text-align: justify\">Vous restez quelques jours sur Arles avant ou apr\u00e8s la F\u00e9ria ? N&rsquo;h\u00e9sitez pas \u00e0 d\u00e9couvrir notre cit\u00e9 en v\u00e9lo au travers de nos diff\u00e9rents parcours touristiques&#8230; et sans p\u00e9daler !!!<\/p>\n<figure id=\"attachment_116\" aria-describedby=\"caption-attachment-116\" style=\"width: 214px\" class=\"wp-caption aligncenter\"><a href=\"http:\/\/www.tacoandco.fr\/wp-content\/uploads\/2010\/03\/feria-arles-paques-2010-640x4801.jpg\"><img fetchpriority=\"high\" decoding=\"async\" class=\"size-medium wp-image-116\" src=\"http:\/\/www.tacoandco.fr\/wp-content\/uploads\/2010\/03\/feria-arles-paques-2010-640x4801-214x300.jpg\" alt=\"affiche feria arles paques 2010\" width=\"214\" height=\"300\" srcset=\"https:\/\/www.tacoandco.fr\/wp-content\/uploads\/2010\/03\/feria-arles-paques-2010-640x4801-214x300.jpg 214w, https:\/\/www.tacoandco.fr\/wp-content\/uploads\/2010\/03\/feria-arles-paques-2010-640x4801.jpg 457w\" sizes=\"(max-width: 214px) 100vw, 214px\" \/><\/a><figcaption id=\"caption-attachment-116\" class=\"wp-caption-text\">affiche feria arles paques 2010<\/figcaption><\/figure>","protected":false},"excerpt":{"rendered":"<p>Voici le lien pour acc\u00e9der au programme de la f\u00e9ria de P\u00e2ques 2013:http:\/\/www.tacoandco.fr\/blog\/2013\/03\/13\/feria-de-paques-darles-du-29-mars-au-1er-avril-2013-voici-le-programme\/ Le printemps revient, la F\u00e9ria d&rsquo;Arles aussi! Aficionados et touristes en tout genre, vous qui aimez fl\u00e2ner dans les rues de notre belle ville, voici les dates de la tr\u00e8s attendue F\u00e9ria de P\u00e2ques 2010 en Arles : Les 2, 3, 4 [&hellip;]<\/p>","protected":false},"author":3,"featured_media":113,"comment_status":"closed","ping_status":"closed","sticky":false,"template":"","format":"standard","meta":{"footnotes":""},"categories":[4,3],"tags":[],"class_list":["post-111","post","type-post","status-publish","format-standard","has-post-thumbnail","hentry","category-accueil","category-actualites","entry","has-media"],"aioseo_notices":[],"_links":{"self":[{"href":"https:\/\/www.tacoandco.fr\/en\/wp-json\/wp\/v2\/posts\/111","targetHints":{"allow":["GET"]}}],"collection":[{"href":"https:\/\/www.tacoandco.fr\/en\/wp-json\/wp\/v2\/posts"}],"about":[{"href":"https:\/\/www.tacoandco.fr\/en\/wp-json\/wp\/v2\/types\/post"}],"author":[{"embeddable":true,"href":"https:\/\/www.tacoandco.fr\/en\/wp-json\/wp\/v2\/users\/3"}],"replies":[{"embeddable":true,"href":"https:\/\/www.tacoandco.fr\/en\/wp-json\/wp\/v2\/comments?post=111"}],"version-history":[{"count":0,"href":"https:\/\/www.tacoandco.fr\/en\/wp-json\/wp\/v2\/posts\/111\/revisions"}],"wp:featuredmedia":[{"embeddable":true,"href":"https:\/\/www.tacoandco.fr\/en\/wp-json\/wp\/v2\/media\/113"}],"wp:attachment":[{"href":"https:\/\/www.tacoandco.fr\/en\/wp-json\/wp\/v2\/media?parent=111"}],"wp:term":[{"taxonomy":"category","embeddable":true,"href":"https:\/\/www.tacoandco.fr\/en\/wp-json\/wp\/v2\/categories?post=111"},{"taxonomy":"post_tag","embeddable":true,"href":"https:\/\/www.tacoandco.fr\/en\/wp-json\/wp\/v2\/tags?post=111"}],"curies":[{"name":"wp","href":"https:\/\/api.w.org\/{rel}","templated":true}]}}