{"id":1116,"date":"2011-05-27T00:22:56","date_gmt":"2011-05-27T00:22:56","guid":{"rendered":"http:\/\/www.tacoandco.fr\/?p=1116"},"modified":"2011-05-26T12:46:34","modified_gmt":"2011-05-26T12:46:34","slug":"la-fete-des-vignerons-des-baux-samedi-28-mai-2011-a-saint-remy-de-provence","status":"publish","type":"post","link":"https:\/\/www.tacoandco.fr\/en\/blog\/2011\/05\/27\/la-fete-des-vignerons-des-baux-samedi-28-mai-2011-a-saint-remy-de-provence\/","title":{"rendered":"La f\u00eate des vignerons des Baux, samedi 28 Mai 2011 \u00e0 Saint Remy de Provence."},"content":{"rendered":"<p>N&rsquo;oubliez pas de vous rendre demain \u00e0 la f\u00eate des vignerons des Baux qui aura lieu de 10H \u00e0 19h sur la place Favier \u00e0 Saint Remy de Provence.<\/p>\n<p>Au programme: D\u00e9gustations, tapas et animation musicale pour passer une belle apr\u00e8s-midi sur une place ombrag\u00e9e.<\/p>\n<p>Venez nombreux!!!!<\/p>\n<figure id=\"attachment_1117\" aria-describedby=\"caption-attachment-1117\" style=\"width: 300px\" class=\"wp-caption aligncenter\"><a href=\"http:\/\/www.tacoandco.fr\/wp-content\/uploads\/2011\/05\/numerique-179-800x600.jpg\"><img fetchpriority=\"high\" decoding=\"async\" class=\"size-medium wp-image-1117\" title=\"F\u00eate des vignerons des Baux 2011\" src=\"http:\/\/www.tacoandco.fr\/wp-content\/uploads\/2011\/05\/numerique-179-800x600-300x199.jpg\" alt=\"F\u00eate des vignerons des Baux 2011\" width=\"300\" height=\"199\" srcset=\"https:\/\/www.tacoandco.fr\/wp-content\/uploads\/2011\/05\/numerique-179-800x600-300x199.jpg 300w, https:\/\/www.tacoandco.fr\/wp-content\/uploads\/2011\/05\/numerique-179-800x600.jpg 800w\" sizes=\"(max-width: 300px) 100vw, 300px\" \/><\/a><figcaption id=\"caption-attachment-1117\" class=\"wp-caption-text\">F\u00eate des vignerons des Baux 2011<\/figcaption><\/figure>","protected":false},"excerpt":{"rendered":"<p>N&rsquo;oubliez pas de vous rendre demain \u00e0 la f\u00eate des vignerons des Baux qui aura lieu de 10H \u00e0 19h sur la place Favier \u00e0 Saint Remy de Provence. Au programme: D\u00e9gustations, tapas et animation musicale pour passer une belle apr\u00e8s-midi sur une place ombrag\u00e9e. Venez nombreux!!!!<\/p>","protected":false},"author":2,"featured_media":1123,"comment_status":"closed","ping_status":"closed","sticky":false,"template":"","format":"standard","meta":{"footnotes":""},"categories":[4,3],"tags":[],"class_list":["post-1116","post","type-post","status-publish","format-standard","has-post-thumbnail","hentry","category-accueil","category-actualites","entry","has-media"],"aioseo_notices":[],"_links":{"self":[{"href":"https:\/\/www.tacoandco.fr\/en\/wp-json\/wp\/v2\/posts\/1116","targetHints":{"allow":["GET"]}}],"collection":[{"href":"https:\/\/www.tacoandco.fr\/en\/wp-json\/wp\/v2\/posts"}],"about":[{"href":"https:\/\/www.tacoandco.fr\/en\/wp-json\/wp\/v2\/types\/post"}],"author":[{"embeddable":true,"href":"https:\/\/www.tacoandco.fr\/en\/wp-json\/wp\/v2\/users\/2"}],"replies":[{"embeddable":true,"href":"https:\/\/www.tacoandco.fr\/en\/wp-json\/wp\/v2\/comments?post=1116"}],"version-history":[{"count":0,"href":"https:\/\/www.tacoandco.fr\/en\/wp-json\/wp\/v2\/posts\/1116\/revisions"}],"wp:featuredmedia":[{"embeddable":true,"href":"https:\/\/www.tacoandco.fr\/en\/wp-json\/wp\/v2\/media\/1123"}],"wp:attachment":[{"href":"https:\/\/www.tacoandco.fr\/en\/wp-json\/wp\/v2\/media?parent=1116"}],"wp:term":[{"taxonomy":"category","embeddable":true,"href":"https:\/\/www.tacoandco.fr\/en\/wp-json\/wp\/v2\/categories?post=1116"},{"taxonomy":"post_tag","embeddable":true,"href":"https:\/\/www.tacoandco.fr\/en\/wp-json\/wp\/v2\/tags?post=1116"}],"curies":[{"name":"wp","href":"https:\/\/api.w.org\/{rel}","templated":true}]}}