{"id":1205,"date":"2011-07-12T19:46:39","date_gmt":"2011-07-12T19:46:39","guid":{"rendered":"http:\/\/www.tacoandco.fr\/?p=1205"},"modified":"2011-07-12T20:40:43","modified_gmt":"2011-07-12T20:40:43","slug":"le-festival-des-suds","status":"publish","type":"post","link":"https:\/\/www.tacoandco.fr\/en\/blog\/2011\/07\/12\/le-festival-des-suds\/","title":{"rendered":"Le Festival des Suds 2011"},"content":{"rendered":"<p>Le Festival des Suds a commenc\u00e9 le 11 juillet et se d\u00e9roulera jusqu&rsquo;au 17 Juillet 2011.<\/p>\n<p>Les trois v\u00e9los tacos peuvent vous transporter de sc\u00e8ne en sc\u00e8ne pendant toute la dur\u00e9e du festival.<\/p>\n<p>Contactez-nous au 06 50 29 6000.<\/p>\n<p>Pour plus d&rsquo;informations sur le programme des Suds:<a title=\"Les Suds \u00e0 Arles\" href=\"http:\/\/www.suds-arles.com\/\" target=\"_blank\">http:\/\/www.suds-arles.com\/<\/a><\/p>\n<figure id=\"attachment_1206\" aria-describedby=\"caption-attachment-1206\" style=\"width: 300px\" class=\"wp-caption aligncenter\"><a href=\"http:\/\/www.tacoandco.fr\/wp-content\/uploads\/2011\/07\/numerique-207-800x600.jpg\"><img fetchpriority=\"high\" decoding=\"async\" class=\"size-medium wp-image-1206\" title=\"Les Suds 2011 \u00e0 Arles\" src=\"http:\/\/www.tacoandco.fr\/wp-content\/uploads\/2011\/07\/numerique-207-800x600-300x199.jpg\" alt=\"Les Suds 2011 \u00e0 Arles\" width=\"300\" height=\"199\" srcset=\"https:\/\/www.tacoandco.fr\/wp-content\/uploads\/2011\/07\/numerique-207-800x600-300x199.jpg 300w, https:\/\/www.tacoandco.fr\/wp-content\/uploads\/2011\/07\/numerique-207-800x600.jpg 800w\" sizes=\"(max-width: 300px) 100vw, 300px\" \/><\/a><figcaption id=\"caption-attachment-1206\" class=\"wp-caption-text\">Les Suds 2011 \u00e0 Arles<\/figcaption><\/figure>\n<p>&nbsp;<\/p>","protected":false},"excerpt":{"rendered":"<p>Le Festival des Suds a commenc\u00e9 le 11 juillet et se d\u00e9roulera jusqu&rsquo;au 17 Juillet 2011. Les trois v\u00e9los tacos peuvent vous transporter de sc\u00e8ne en sc\u00e8ne pendant toute la dur\u00e9e du festival. Contactez-nous au 06 50 29 6000. Pour plus d&rsquo;informations sur le programme des Suds:http:\/\/www.suds-arles.com\/ &nbsp;<\/p>","protected":false},"author":2,"featured_media":1206,"comment_status":"closed","ping_status":"closed","sticky":false,"template":"","format":"standard","meta":{"footnotes":""},"categories":[4,3],"tags":[],"class_list":["post-1205","post","type-post","status-publish","format-standard","has-post-thumbnail","hentry","category-accueil","category-actualites","entry","has-media"],"aioseo_notices":[],"_links":{"self":[{"href":"https:\/\/www.tacoandco.fr\/en\/wp-json\/wp\/v2\/posts\/1205","targetHints":{"allow":["GET"]}}],"collection":[{"href":"https:\/\/www.tacoandco.fr\/en\/wp-json\/wp\/v2\/posts"}],"about":[{"href":"https:\/\/www.tacoandco.fr\/en\/wp-json\/wp\/v2\/types\/post"}],"author":[{"embeddable":true,"href":"https:\/\/www.tacoandco.fr\/en\/wp-json\/wp\/v2\/users\/2"}],"replies":[{"embeddable":true,"href":"https:\/\/www.tacoandco.fr\/en\/wp-json\/wp\/v2\/comments?post=1205"}],"version-history":[{"count":0,"href":"https:\/\/www.tacoandco.fr\/en\/wp-json\/wp\/v2\/posts\/1205\/revisions"}],"wp:featuredmedia":[{"embeddable":true,"href":"https:\/\/www.tacoandco.fr\/en\/wp-json\/wp\/v2\/media\/1206"}],"wp:attachment":[{"href":"https:\/\/www.tacoandco.fr\/en\/wp-json\/wp\/v2\/media?parent=1205"}],"wp:term":[{"taxonomy":"category","embeddable":true,"href":"https:\/\/www.tacoandco.fr\/en\/wp-json\/wp\/v2\/categories?post=1205"},{"taxonomy":"post_tag","embeddable":true,"href":"https:\/\/www.tacoandco.fr\/en\/wp-json\/wp\/v2\/tags?post=1205"}],"curies":[{"name":"wp","href":"https:\/\/api.w.org\/{rel}","templated":true}]}}