{"id":1220,"date":"2011-07-15T15:33:35","date_gmt":"2011-07-15T15:33:35","guid":{"rendered":"http:\/\/www.tacoandco.fr\/?p=1220"},"modified":"2011-07-15T15:33:35","modified_gmt":"2011-07-15T15:33:35","slug":"street-marketing-gares-et-connexions-tacoandco-sassocient","status":"publish","type":"post","link":"https:\/\/www.tacoandco.fr\/en\/blog\/2011\/07\/15\/street-marketing-gares-et-connexions-tacoandco-sassocient\/","title":{"rendered":"Street Marketing: Gares et connexions &#038; Tacoandco s&rsquo;associent"},"content":{"rendered":"<p>Gares et Connexions &amp; Tacoandco se sont associ\u00e9s pour cette \u00e9dition des Rencontres Internationales de la Photographie 2011. Les v\u00e9los-tacos ont transport\u00e9 plus de 1000 personnes durant la semaine d&rsquo;ouverture.<\/p>\n<p>Gares et Connexions \u00a0&amp; Taco and Co vous rappellent que des v\u00e9los sont en location \u00e0 la gare d&rsquo;Arles pour acc\u00e9der plus facilement au centre ville.<\/p>\n<p>Des \u00ab\u00a0v\u00e9los tacos\u00a0\u00bb avec \u00ab\u00a0chauffeur\u00a0\u00bb sont \u00e9galement \u00e0 la disposition des voyageurs pour les amener dans la ville. Pour r\u00e9server, veuillez appeler au 0650296000.<\/p>\n<figure id=\"attachment_1194\" aria-describedby=\"caption-attachment-1194\" style=\"width: 199px\" class=\"wp-caption aligncenter\"><a href=\"http:\/\/www.tacoandco.fr\/wp-content\/uploads\/2011\/07\/v\u00e9\u00e9l-006-800x6001.jpg\"><img fetchpriority=\"high\" decoding=\"async\" class=\"size-medium wp-image-1194\" title=\"v\u00e9\u00e9l 006 [800x600]\" src=\"http:\/\/www.tacoandco.fr\/wp-content\/uploads\/2011\/07\/v\u00e9\u00e9l-006-800x6001-199x300.jpg\" alt=\"\" width=\"199\" height=\"300\" srcset=\"https:\/\/www.tacoandco.fr\/wp-content\/uploads\/2011\/07\/v\u00e9\u00e9l-006-800x6001-199x300.jpg 199w, https:\/\/www.tacoandco.fr\/wp-content\/uploads\/2011\/07\/v\u00e9\u00e9l-006-800x6001.jpg 533w\" sizes=\"(max-width: 199px) 100vw, 199px\" \/><\/a><figcaption id=\"caption-attachment-1194\" class=\"wp-caption-text\">Tacoandco aux couleurs de Gares et Connexions<\/figcaption><\/figure>\n<p>&nbsp;<\/p>","protected":false},"excerpt":{"rendered":"<p>Gares et Connexions &amp; Tacoandco se sont associ\u00e9s pour cette \u00e9dition des Rencontres Internationales de la Photographie 2011. Les v\u00e9los-tacos ont transport\u00e9 plus de 1000 personnes durant la semaine d&rsquo;ouverture. Gares et Connexions \u00a0&amp; Taco and Co vous rappellent que des v\u00e9los sont en location \u00e0 la gare d&rsquo;Arles pour acc\u00e9der plus facilement au centre [&hellip;]<\/p>","protected":false},"author":2,"featured_media":1194,"comment_status":"closed","ping_status":"closed","sticky":false,"template":"","format":"standard","meta":{"footnotes":""},"categories":[4,3,11,13],"tags":[],"class_list":["post-1220","post","type-post","status-publish","format-standard","has-post-thumbnail","hentry","category-accueil","category-actualites","category-ilsnousontfaitconfiance","category-entreprises","entry","has-media"],"aioseo_notices":[],"_links":{"self":[{"href":"https:\/\/www.tacoandco.fr\/en\/wp-json\/wp\/v2\/posts\/1220","targetHints":{"allow":["GET"]}}],"collection":[{"href":"https:\/\/www.tacoandco.fr\/en\/wp-json\/wp\/v2\/posts"}],"about":[{"href":"https:\/\/www.tacoandco.fr\/en\/wp-json\/wp\/v2\/types\/post"}],"author":[{"embeddable":true,"href":"https:\/\/www.tacoandco.fr\/en\/wp-json\/wp\/v2\/users\/2"}],"replies":[{"embeddable":true,"href":"https:\/\/www.tacoandco.fr\/en\/wp-json\/wp\/v2\/comments?post=1220"}],"version-history":[{"count":0,"href":"https:\/\/www.tacoandco.fr\/en\/wp-json\/wp\/v2\/posts\/1220\/revisions"}],"wp:featuredmedia":[{"embeddable":true,"href":"https:\/\/www.tacoandco.fr\/en\/wp-json\/wp\/v2\/media\/1194"}],"wp:attachment":[{"href":"https:\/\/www.tacoandco.fr\/en\/wp-json\/wp\/v2\/media?parent=1220"}],"wp:term":[{"taxonomy":"category","embeddable":true,"href":"https:\/\/www.tacoandco.fr\/en\/wp-json\/wp\/v2\/categories?post=1220"},{"taxonomy":"post_tag","embeddable":true,"href":"https:\/\/www.tacoandco.fr\/en\/wp-json\/wp\/v2\/tags?post=1220"}],"curies":[{"name":"wp","href":"https:\/\/api.w.org\/{rel}","templated":true}]}}