{"id":1273,"date":"2011-09-07T18:25:33","date_gmt":"2011-09-07T18:25:33","guid":{"rendered":"http:\/\/www.tacoandco.fr\/?p=1273"},"modified":"2011-09-08T06:00:43","modified_gmt":"2011-09-08T06:00:43","slug":"feria-du-riz-2011","status":"publish","type":"post","link":"https:\/\/www.tacoandco.fr\/en\/blog\/2011\/09\/07\/feria-du-riz-2011\/","title":{"rendered":"F\u00e9ria du Riz 2011 \u00e0 Arles: voil\u00e0 le programme!"},"content":{"rendered":"<h2 style=\"text-align: center;\"><span style=\"color: #ff0000;\"><strong>Taco and Co vous souhaite une bonne F\u00e9ria du Riz 2011 et vous pr\u00e9sente le programme des festivit\u00e9s<\/strong><\/span><\/h2>\n<h2 style=\"text-align: center;\"><span style=\"color: #ff0000;\"><br \/>\n<\/span><\/h2>\n<p><span style=\"text-decoration: underline;\"><span style=\"font-size: medium;\"><strong>Vendredi 9 septembre 2011<\/strong><\/span><\/span><\/p>\n<p><strong><span style=\"color: #0000ff;\">16h30<\/span><\/strong> &#8211; Devant les Ar\u00e8nes \u2013\u00a0<span style=\"color: #0000ff;\">CONCERT D\u2019UNE PE\u00d1A<\/span><\/p>\n<p><strong><span style=\"color: #0000ff;\">17h30 <\/span><\/strong>&#8211; Ar\u00e8nes d\u2019ARLES \u2013\u00a0<span style=\"color: #0000ff;\">NOVILLADA (organisation Ar\u00e8nes d\u2019Arles)<\/span><\/p>\n<p><span style=\"color: #0000ff;\"><strong>19h30<\/strong><\/span> &#8211; Boulevard Victor Hugo \u2013\u00a0<span style=\"color: #0000ff;\">BANDIDO manade LESCOT<\/span><\/p>\n<p><strong> <\/strong><strong><span style=\"color: #0000ff;\">21h30<\/span><\/strong> \u2013 Ar\u00e8nes d\u2019Arles &#8211;\u00a0<span style=\"color: #0000ff;\">Novillada Classe pratique sans Picadors <\/span><br \/>\nOrganisation Ar\u00e8nes d\u2019Arles en collaboration avec l&rsquo;\u00e9cole taurine d&rsquo;Arles<br \/>\n(Entr\u00e9e gratuite sur invitation)<\/p>\n<p><strong><span style=\"color: #0000ff;\">22h00<\/span><\/strong> \u2013 FEU D\u2019ARTIFICE (organisation Mairie d\u2019Arles)<\/p>\n<p><span style=\"text-decoration: underline;\"><span style=\"font-size: medium; color: #000000;\"><strong>Samedi 10 septembre 2011<\/strong><\/span><\/span><\/p>\n<p><strong><span style=\"color: #0000ff;\">11h00<\/span><\/strong> &#8211; Cavalerie \/ Voltaire &#8211;\u00a0<span style=\"color: #0000ff;\">ENCIERRO manade du GALOUBET<\/span><\/p>\n<p><strong><span style=\"color: #0000ff;\">13h00<\/span><\/strong> &#8211; Boulevard Victor Hugo \u2013\u00a0<span style=\"color: #0000ff;\">ABRIVADO manade\u00a0 Albert CHAPELLE<\/span><\/p>\n<p><strong><span style=\"color: #0000ff;\">15h00<\/span><\/strong> &#8211; Place de la Croisi\u00e8re &#8211; Ar\u00e8nes portatives manade Saint GERMAIN<br \/>\n<span style=\"color: #0000ff;\">COURSE CAMARGUAISE pour l&rsquo;Ecoles Taurine\u00a0 d\u2019Arles<\/span><\/p>\n<p><strong><span style=\"color: #0000ff;\">16h30<\/span><\/strong> &#8211; Devant les Ar\u00e8nes &#8211;\u00a0<span style=\"color: #0000ff;\">CONCERT DES PE\u00d1AS<\/span><\/p>\n<p><strong><span style=\"color: #0000ff;\">17h30<\/span><\/strong> &#8211; Ar\u00e8nes d&rsquo;Arles &#8211;\u00a0<span style=\"color: #0000ff;\">CORRIDA GOYESQUE (organisation Ar\u00e8nes d\u2019Arles)<\/span><\/p>\n<p><span style=\"color: #0000ff;\"><strong>19h30<\/strong><\/span> &#8211; Boulevard des Lices &#8211;\u00a0<span style=\"color: #0000ff;\">BANDIDO manade ROUSTY<\/span><\/p>\n<p>A l\u2019issue de la bandido &#8211; Place de la Croisi\u00e8re &#8211; Ar\u00e8nes portatives<br \/>\n<span style=\"color: #0000ff;\"> TAUREAUX EMBOULES pour les amateurs<\/span><\/p>\n<p><strong><span style=\"color: #0000ff;\">21h30<\/span><\/strong> &#8211; Ar\u00e8nes d\u2019Arles \u2013\u00a0<span style=\"color: #0000ff;\">SPECTACLE EQUESTRE <\/span>(entr\u00e9e gratuite)<br \/>\n<span style=\"color: #0000ff;\">Organis\u00e9 par l&rsquo;office de tourisme<\/span><\/p>\n<p><span style=\"text-decoration: underline;\"><span style=\"font-size: medium; color: #000000;\"><strong>Dimanche 11 septembre 2011<\/strong><\/span><\/span><\/p>\n<p><span style=\"color: #0000ff;\"><strong>10h00 <\/strong><\/span>&#8211; Cavalerie \/ Voltaire &#8211;\u00a0<span style=\"color: #0000ff;\">ENCIERRO manade Les ALPILLES<\/span><\/p>\n<p><strong><span style=\"color: #0000ff;\">10h00<\/span><\/strong> &#8211; Devant les Ar\u00e8nes \u2013\u00a0<span style=\"color: #0000ff;\">AUBADE DES PE\u00d1AS<br \/>\n<\/span><br \/>\n<strong><span style=\"color: #0000ff;\">11h00<\/span><\/strong> &#8211; Ar\u00e8nes d\u2019ARLES \u2013\u00a0<span style=\"color: #0000ff;\">REJON (organisation Ar\u00e8nes d\u2019Arles)<\/span><\/p>\n<p><strong><span style=\"color: #0000ff;\">13h00<\/span><\/strong> &#8211; Boulevard des Lices \u2013 F<span style=\"color: #0000ff;\">ESTIVAL D\u2019ABRIVADO<\/span><br \/>\nManades : DU REVIVRE \u2013 THIBAULT \u2013 CHAPELLE BRUGEAS<\/p>\n<p><strong><span style=\"color: #0000ff;\">14h30<\/span><\/strong> &#8211; Place de la Croisi\u00e8re &#8211; Ar\u00e8nes portatives<br \/>\n<span style=\"color: #0000ff;\">D\u00e9monstration de dressage et de Rejon<\/span><br \/>\nPar Cl\u00e9mence ROBINEAU Ost\u00e9opathe\u00a0 \u00e9quin<\/p>\n<p><span style=\"color: #0000ff;\"><strong>15h00<\/strong><\/span> &#8211; Place de la Croisi\u00e8re &#8211; Ar\u00e8nes portatives manade BLANC<br \/>\n<span style=\"color: #0000ff;\">CAPEA Finale du Troph\u00e9e Hommage \u00e0 Pierre POULY<\/span><br \/>\nOrganisation : L\u2019Estrambord\u00a0 Moul\u00e9sien \u2013 La Bandido de Moul\u00e8s \u2013 Le Comit\u00e9 de la F\u00e9ria<strong> <\/strong><\/p>\n<p><span style=\"color: #0000ff;\"><strong>16h00<\/strong><\/span> &#8211; Devant les Ar\u00e8nes &#8211;\u00a0<span style=\"color: #0000ff;\">CONCERT DES PE\u00d1AS<\/span><\/p>\n<p><strong><span style=\"color: #0000ff;\">17h00<\/span><\/strong> &#8211; Ar\u00e8nes d\u2019ARLES \u2013\u00a0<span style=\"color: #0000ff;\">CORRIDA CONCOURS (organisation Ar\u00e8nes d\u2019Arles)<\/span><br \/>\n<span style=\"color: #0000ff;\"><br \/>\n<strong>19h00<\/strong> &#8211;\u00a0<span style=\"color: #000000;\">Boulevard des Lices &#8211; <\/span><\/span><span style=\"color: #0000ff;\">BANDIDO FINALE manade AUBANEL<\/span><\/p>\n<p>&nbsp;<\/p>\n<p>Pour plus d&rsquo;infos, consultez le site: <a href=\"http:\/\/feriaarles.com\">www.feriaarles.com<\/a><\/p>\n<p>&nbsp;<\/p>\n<p>&nbsp;<\/p>","protected":false},"excerpt":{"rendered":"<p>Taco and Co vous souhaite une bonne F\u00e9ria du Riz 2011 et vous pr\u00e9sente le programme des festivit\u00e9s Vendredi 9 septembre 2011 16h30 &#8211; Devant les Ar\u00e8nes \u2013\u00a0CONCERT D\u2019UNE PE\u00d1A 17h30 &#8211; Ar\u00e8nes d\u2019ARLES \u2013\u00a0NOVILLADA (organisation Ar\u00e8nes d\u2019Arles) 19h30 &#8211; Boulevard Victor Hugo \u2013\u00a0BANDIDO manade LESCOT 21h30 \u2013 Ar\u00e8nes d\u2019Arles &#8211;\u00a0Novillada Classe pratique sans Picadors [&hellip;]<\/p>","protected":false},"author":2,"featured_media":1274,"comment_status":"closed","ping_status":"closed","sticky":false,"template":"","format":"standard","meta":{"footnotes":""},"categories":[4,3],"tags":[],"class_list":["post-1273","post","type-post","status-publish","format-standard","has-post-thumbnail","hentry","category-accueil","category-actualites","entry","has-media"],"aioseo_notices":[],"_links":{"self":[{"href":"https:\/\/www.tacoandco.fr\/en\/wp-json\/wp\/v2\/posts\/1273","targetHints":{"allow":["GET"]}}],"collection":[{"href":"https:\/\/www.tacoandco.fr\/en\/wp-json\/wp\/v2\/posts"}],"about":[{"href":"https:\/\/www.tacoandco.fr\/en\/wp-json\/wp\/v2\/types\/post"}],"author":[{"embeddable":true,"href":"https:\/\/www.tacoandco.fr\/en\/wp-json\/wp\/v2\/users\/2"}],"replies":[{"embeddable":true,"href":"https:\/\/www.tacoandco.fr\/en\/wp-json\/wp\/v2\/comments?post=1273"}],"version-history":[{"count":0,"href":"https:\/\/www.tacoandco.fr\/en\/wp-json\/wp\/v2\/posts\/1273\/revisions"}],"wp:featuredmedia":[{"embeddable":true,"href":"https:\/\/www.tacoandco.fr\/en\/wp-json\/wp\/v2\/media\/1274"}],"wp:attachment":[{"href":"https:\/\/www.tacoandco.fr\/en\/wp-json\/wp\/v2\/media?parent=1273"}],"wp:term":[{"taxonomy":"category","embeddable":true,"href":"https:\/\/www.tacoandco.fr\/en\/wp-json\/wp\/v2\/categories?post=1273"},{"taxonomy":"post_tag","embeddable":true,"href":"https:\/\/www.tacoandco.fr\/en\/wp-json\/wp\/v2\/tags?post=1273"}],"curies":[{"name":"wp","href":"https:\/\/api.w.org\/{rel}","templated":true}]}}