{"id":1291,"date":"2011-09-23T10:31:00","date_gmt":"2011-09-23T10:31:00","guid":{"rendered":"http:\/\/www.tacoandco.fr\/?p=1291"},"modified":"2011-09-23T15:11:52","modified_gmt":"2011-09-23T15:11:52","slug":"foire-de-marseille-2011-top-depart","status":"publish","type":"post","link":"https:\/\/www.tacoandco.fr\/en\/blog\/2011\/09\/23\/foire-de-marseille-2011-top-depart\/","title":{"rendered":"Foire de Marseille 2011: top d\u00e9part!"},"content":{"rendered":"<p>Taco and Co vous invite \u00e0 vous rendre nombreux \u00e0 la 87 \u00e8me Foire de Marseille qui commence aujourd&rsquo;hui, vendredi 23 septembre 2011.<\/p>\n<p>L&rsquo;inauguration officielle sera c\u00e9l\u00e9br\u00e9e \u00e0 15h par Mr Jean Claude Gaudin, Maire de Marseille.<\/p>\n<p>Les ateliers d\u00e9butent d\u00e8s aujourd&rsquo;hui et il y en a pour tous les go\u00fbts (cuisine, bricolage, relooking&#8230;)!<\/p>\n<p>Pour tout savoir sur les ateliers et les animations, consultez le site www.foiredemarseille.com<\/p>\n<figure id=\"attachment_1297\" aria-describedby=\"caption-attachment-1297\" style=\"width: 300px\" class=\"wp-caption aligncenter\"><a href=\"http:\/\/www.tacoandco.fr\/wp-content\/uploads\/2011\/09\/IMG_0492-Copier2.jpg\"><img fetchpriority=\"high\" decoding=\"async\" class=\"size-medium wp-image-1297\" title=\"IMG_0492 (Copier)\" src=\"http:\/\/www.tacoandco.fr\/wp-content\/uploads\/2011\/09\/IMG_0492-Copier2-300x199.jpg\" alt=\"\" width=\"300\" height=\"199\" srcset=\"https:\/\/www.tacoandco.fr\/wp-content\/uploads\/2011\/09\/IMG_0492-Copier2-300x199.jpg 300w, https:\/\/www.tacoandco.fr\/wp-content\/uploads\/2011\/09\/IMG_0492-Copier2.jpg 800w\" sizes=\"(max-width: 300px) 100vw, 300px\" \/><\/a><figcaption id=\"caption-attachment-1297\" class=\"wp-caption-text\">Taco and Co aux couleurs de la Foire de Marseille 2011<\/figcaption><\/figure>\n<p>&nbsp;<\/p>\n<p>&nbsp;<\/p>","protected":false},"excerpt":{"rendered":"<p>Taco and Co vous invite \u00e0 vous rendre nombreux \u00e0 la 87 \u00e8me Foire de Marseille qui commence aujourd&rsquo;hui, vendredi 23 septembre 2011. L&rsquo;inauguration officielle sera c\u00e9l\u00e9br\u00e9e \u00e0 15h par Mr Jean Claude Gaudin, Maire de Marseille. Les ateliers d\u00e9butent d\u00e8s aujourd&rsquo;hui et il y en a pour tous les go\u00fbts (cuisine, bricolage, relooking&#8230;)! Pour [&hellip;]<\/p>","protected":false},"author":2,"featured_media":1293,"comment_status":"closed","ping_status":"closed","sticky":false,"template":"","format":"standard","meta":{"footnotes":""},"categories":[4,3],"tags":[],"class_list":["post-1291","post","type-post","status-publish","format-standard","has-post-thumbnail","hentry","category-accueil","category-actualites","entry","has-media"],"aioseo_notices":[],"_links":{"self":[{"href":"https:\/\/www.tacoandco.fr\/en\/wp-json\/wp\/v2\/posts\/1291","targetHints":{"allow":["GET"]}}],"collection":[{"href":"https:\/\/www.tacoandco.fr\/en\/wp-json\/wp\/v2\/posts"}],"about":[{"href":"https:\/\/www.tacoandco.fr\/en\/wp-json\/wp\/v2\/types\/post"}],"author":[{"embeddable":true,"href":"https:\/\/www.tacoandco.fr\/en\/wp-json\/wp\/v2\/users\/2"}],"replies":[{"embeddable":true,"href":"https:\/\/www.tacoandco.fr\/en\/wp-json\/wp\/v2\/comments?post=1291"}],"version-history":[{"count":0,"href":"https:\/\/www.tacoandco.fr\/en\/wp-json\/wp\/v2\/posts\/1291\/revisions"}],"wp:featuredmedia":[{"embeddable":true,"href":"https:\/\/www.tacoandco.fr\/en\/wp-json\/wp\/v2\/media\/1293"}],"wp:attachment":[{"href":"https:\/\/www.tacoandco.fr\/en\/wp-json\/wp\/v2\/media?parent=1291"}],"wp:term":[{"taxonomy":"category","embeddable":true,"href":"https:\/\/www.tacoandco.fr\/en\/wp-json\/wp\/v2\/categories?post=1291"},{"taxonomy":"post_tag","embeddable":true,"href":"https:\/\/www.tacoandco.fr\/en\/wp-json\/wp\/v2\/tags?post=1291"}],"curies":[{"name":"wp","href":"https:\/\/api.w.org\/{rel}","templated":true}]}}