{"id":1318,"date":"2011-10-31T10:50:33","date_gmt":"2011-10-31T10:50:33","guid":{"rendered":"http:\/\/www.tacoandco.fr\/?p=1318"},"modified":"2011-10-31T13:13:12","modified_gmt":"2011-10-31T13:13:12","slug":"taco-and-co-membre-du-pole-ecologique-du-pays-darles","status":"publish","type":"post","link":"https:\/\/www.tacoandco.fr\/en\/blog\/2011\/10\/31\/taco-and-co-membre-du-pole-ecologique-du-pays-darles\/","title":{"rendered":"Taco and Co, membre du P\u00f4le \u00c9cologique du Pays d&rsquo;Arles."},"content":{"rendered":"<p><strong>Le P\u00f4le Ecologique du Pays d&rsquo;Arles<\/strong> (<a title=\"P\u00f4le \u00e9cologique du pays d'Arles\" href=\"http:\/\/pole-ecologique-arles.com\/\" target=\"_blank\">http:\/\/pole-ecologique-arles.com\/<\/a>) se d\u00e9veloppe en\u00a0accueillant\u00a0un quatri\u00e8me membre, \u00a0 \u00a0<strong>Taco and Co<\/strong>\u00ab\u00a0.<\/p>\n<p>Le P\u00f4le Ecologique du pays d&rsquo;Arles est\u00a0d\u00e9sormais compos\u00e9 de deux entreprises :<strong>\u00a0\u00bb Taco and Co<\/strong>\u00a0\u00bb et \u00ab\u00a0<strong>Ecofabrik<\/strong>\u00a0\u00bb ainsi que de deux Associations: <strong>\u00ab\u00a0Greenstocker<\/strong>\u00a0\u00bb et \u00ab\u00a0<strong> Gribouille moi la terre<\/strong>\u00a0\u00bb , ces 4 entit\u00e9s oeuvrant pour le\u00a0d\u00e9veloppement\u00a0durable dans des domaines bien pr\u00e9cis.<\/p>\n<p><strong>Le but du p\u00f4le est de pouvoir \u00a0offrir une r\u00e9ponse \u00e0 toutes vos demandes en s&rsquo;inscrivant dans une d\u00e9marche de d\u00e9veloppement durable\u00a0<\/strong>.<\/p>\n<p>En effet, si vous souhaitez effectuer un am\u00e9nagement dans votre entreprise ou dans votre maison, nous vous apportons des <strong>solutions de fabrication et\u00a0d\u2019am\u00e9nagement\u00a0eco-design.<\/strong><\/p>\n<p>Si vous souhaitez organiser une campagne de publicit\u00e9, de communication ou de street marketing, nous vous proposons <strong>un support de publicit\u00e9 innovant, original, mobile et eco-logique<\/strong> \u00a0dans les zones les plus qualitatives de la ville.<\/p>\n<p>Si vous souhaitez organiser un \u00e9v\u00e8nement, nous pouvons assurer des liaisons de <strong>transport \u00e9cologique pour les visiteurs<\/strong> entre les\u00a0diff\u00e9rents\u00a0sites d&rsquo;exposition.<\/p>\n<p>Si vous souhaitez vous\u00a0d\u00e9barrasser\u00a0de vos meubles, objets et autres encombrants, <strong>nous les collectons pour les restaurer et\/ou les\u00a0d\u00e9tourner\u00a0de leur utilit\u00e9 premi\u00e8re .<\/strong><\/p>\n<p>Ou encore si vous \u00eates \u00e0 la recherche de prestations vari\u00e9es autour des &lsquo;arts plastiques (stages, ateliers ou interventions dans milieu scolaire), nous vous apportons une solution\u00a0gr\u00e2ce\u00a0\u00e0 notre \u00a0<strong>association d\u2019arts plastiques \u00e0 vis\u00e9e \u00e9cologique.<\/strong><\/p>\n<p><strong>Bref, \u00a0le P\u00f4le \u00e9cologique du Pays d&rsquo;Arles peut vous apporter toutes les solutions \u00e0 vos probl\u00e9matiques\u00a0environnementales.<\/strong><\/p>\n<p>N&rsquo;h\u00e9sitez pas \u00e0 nous contacter sur <a title=\"Le p\u00f4le \u00e9cologique du pays d'Arles\" href=\"http:\/\/pole-ecologique-arles.com\/\" target=\"_blank\">http:\/\/pole-ecologique-arles.com\/<\/a><\/p>\n<p>&nbsp;<\/p>\n<figure id=\"attachment_1336\" aria-describedby=\"caption-attachment-1336\" style=\"width: 673px\" class=\"wp-caption alignleft\"><a href=\"http:\/\/www.tacoandco.fr\/wp-content\/uploads\/2011\/10\/pole-ecologique.jpg\"><img fetchpriority=\"high\" decoding=\"async\" class=\"size-full wp-image-1336\" title=\"P\u00f4le \u00e9cologique du pays d'Arles\" src=\"http:\/\/www.tacoandco.fr\/wp-content\/uploads\/2011\/10\/pole-ecologique.jpg\" alt=\"P\u00f4le \u00e9cologique du pays d'Arles\" width=\"673\" height=\"300\" srcset=\"https:\/\/www.tacoandco.fr\/wp-content\/uploads\/2011\/10\/pole-ecologique.jpg 673w, https:\/\/www.tacoandco.fr\/wp-content\/uploads\/2011\/10\/pole-ecologique-300x133.jpg 300w\" sizes=\"(max-width: 673px) 100vw, 673px\" \/><\/a><figcaption id=\"caption-attachment-1336\" class=\"wp-caption-text\">P\u00f4le \u00e9cologique du pays d&#39;Arles<\/figcaption><\/figure>\n<p>&nbsp;<\/p>\n<p>&nbsp;<\/p>\n<p>&nbsp;<\/p>\n<p>&nbsp;<\/p>\n<p>&nbsp;<\/p>\n<p>&nbsp;<\/p>\n<p>&nbsp;<\/p>\n<p>&nbsp;<\/p>","protected":false},"excerpt":{"rendered":"<p>Le P\u00f4le Ecologique du Pays d&rsquo;Arles (http:\/\/pole-ecologique-arles.com\/) se d\u00e9veloppe en\u00a0accueillant\u00a0un quatri\u00e8me membre, \u00a0 \u00a0Taco and Co\u00ab\u00a0. Le P\u00f4le Ecologique du pays d&rsquo;Arles est\u00a0d\u00e9sormais compos\u00e9 de deux entreprises :\u00a0\u00bb Taco and Co\u00a0\u00bb et \u00ab\u00a0Ecofabrik\u00a0\u00bb ainsi que de deux Associations: \u00ab\u00a0Greenstocker\u00a0\u00bb et \u00ab\u00a0 Gribouille moi la terre\u00a0\u00bb , ces 4 entit\u00e9s oeuvrant pour le\u00a0d\u00e9veloppement\u00a0durable dans des domaines [&hellip;]<\/p>","protected":false},"author":2,"featured_media":1337,"comment_status":"closed","ping_status":"closed","sticky":false,"template":"","format":"standard","meta":{"footnotes":""},"categories":[4,3,18,15],"tags":[],"class_list":["post-1318","post","type-post","status-publish","format-standard","has-post-thumbnail","hentry","category-accueil","category-actualites","category-lespartenaires","category-liensutiles","entry","has-media"],"aioseo_notices":[],"_links":{"self":[{"href":"https:\/\/www.tacoandco.fr\/en\/wp-json\/wp\/v2\/posts\/1318","targetHints":{"allow":["GET"]}}],"collection":[{"href":"https:\/\/www.tacoandco.fr\/en\/wp-json\/wp\/v2\/posts"}],"about":[{"href":"https:\/\/www.tacoandco.fr\/en\/wp-json\/wp\/v2\/types\/post"}],"author":[{"embeddable":true,"href":"https:\/\/www.tacoandco.fr\/en\/wp-json\/wp\/v2\/users\/2"}],"replies":[{"embeddable":true,"href":"https:\/\/www.tacoandco.fr\/en\/wp-json\/wp\/v2\/comments?post=1318"}],"version-history":[{"count":0,"href":"https:\/\/www.tacoandco.fr\/en\/wp-json\/wp\/v2\/posts\/1318\/revisions"}],"wp:featuredmedia":[{"embeddable":true,"href":"https:\/\/www.tacoandco.fr\/en\/wp-json\/wp\/v2\/media\/1337"}],"wp:attachment":[{"href":"https:\/\/www.tacoandco.fr\/en\/wp-json\/wp\/v2\/media?parent=1318"}],"wp:term":[{"taxonomy":"category","embeddable":true,"href":"https:\/\/www.tacoandco.fr\/en\/wp-json\/wp\/v2\/categories?post=1318"},{"taxonomy":"post_tag","embeddable":true,"href":"https:\/\/www.tacoandco.fr\/en\/wp-json\/wp\/v2\/tags?post=1318"}],"curies":[{"name":"wp","href":"https:\/\/api.w.org\/{rel}","templated":true}]}}