{"id":1346,"date":"2011-11-16T10:04:38","date_gmt":"2011-11-16T10:04:38","guid":{"rendered":"http:\/\/www.tacoandco.fr\/?p=1346"},"modified":"2011-11-16T10:04:38","modified_gmt":"2011-11-16T10:04:38","slug":"les-rencontres-de-lemploi-de-laccm-jusquau-18-novembre-a-arles","status":"publish","type":"post","link":"https:\/\/www.tacoandco.fr\/en\/blog\/2011\/11\/16\/les-rencontres-de-lemploi-de-laccm-jusquau-18-novembre-a-arles\/","title":{"rendered":"Les Rencontres de l&#8217;emploi de l&rsquo;ACCM jusqu&rsquo;au 18 Novembre \u00e0 Arles"},"content":{"rendered":"<p>La 2\u00e8me \u00e9dition des Rencontres de l&rsquo;Emploi organis\u00e9e par l&rsquo;ACCM a d\u00e9but\u00e9 le 14 Novembre \u00e0 la maison des Associations sur le Boulevard des Lices \u00e0 Arles.<\/p>\n<p>Vous avez jusqu&rsquo;au 18 Novembre pour vous y rendre et rencontrer les diff\u00e9rents acteurs du monde du travail.<br \/>\nPour plus d&rsquo;informations :0486526060 ou sur<a title=\"les rencontres de l'emploi\" href=\"http:\/\/agglo-accm.fr\" target=\"_blank\"> www.agglo-accm.fr<\/a><\/p>\n<figure id=\"attachment_1341\" aria-describedby=\"caption-attachment-1341\" style=\"width: 400px\" class=\"wp-caption aligncenter\"><a href=\"http:\/\/www.tacoandco.fr\/wp-content\/uploads\/2011\/11\/IMG_0690-Copier.jpg\"><img fetchpriority=\"high\" decoding=\"async\" class=\"size-full wp-image-1341\" title=\"Les rencontres de l'emploi \u00e0 Arles\" src=\"http:\/\/www.tacoandco.fr\/wp-content\/uploads\/2011\/11\/IMG_0690-Copier.jpg\" alt=\"Les rencontres de l'emploi \u00e0 Arles\" width=\"400\" height=\"600\" srcset=\"https:\/\/www.tacoandco.fr\/wp-content\/uploads\/2011\/11\/IMG_0690-Copier.jpg 400w, https:\/\/www.tacoandco.fr\/wp-content\/uploads\/2011\/11\/IMG_0690-Copier-200x300.jpg 200w\" sizes=\"(max-width: 400px) 100vw, 400px\" \/><\/a><figcaption id=\"caption-attachment-1341\" class=\"wp-caption-text\">Les rencontres de l&#39;emploi \u00e0 Arles<\/figcaption><\/figure>","protected":false},"excerpt":{"rendered":"<p>La 2\u00e8me \u00e9dition des Rencontres de l&rsquo;Emploi organis\u00e9e par l&rsquo;ACCM a d\u00e9but\u00e9 le 14 Novembre \u00e0 la maison des Associations sur le Boulevard des Lices \u00e0 Arles. Vous avez jusqu&rsquo;au 18 Novembre pour vous y rendre et rencontrer les diff\u00e9rents acteurs du monde du travail. Pour plus d&rsquo;informations :0486526060 ou sur www.agglo-accm.fr<\/p>","protected":false},"author":2,"featured_media":1342,"comment_status":"closed","ping_status":"closed","sticky":false,"template":"","format":"standard","meta":{"footnotes":""},"categories":[4,3],"tags":[],"class_list":["post-1346","post","type-post","status-publish","format-standard","has-post-thumbnail","hentry","category-accueil","category-actualites","entry","has-media"],"aioseo_notices":[],"_links":{"self":[{"href":"https:\/\/www.tacoandco.fr\/en\/wp-json\/wp\/v2\/posts\/1346","targetHints":{"allow":["GET"]}}],"collection":[{"href":"https:\/\/www.tacoandco.fr\/en\/wp-json\/wp\/v2\/posts"}],"about":[{"href":"https:\/\/www.tacoandco.fr\/en\/wp-json\/wp\/v2\/types\/post"}],"author":[{"embeddable":true,"href":"https:\/\/www.tacoandco.fr\/en\/wp-json\/wp\/v2\/users\/2"}],"replies":[{"embeddable":true,"href":"https:\/\/www.tacoandco.fr\/en\/wp-json\/wp\/v2\/comments?post=1346"}],"version-history":[{"count":0,"href":"https:\/\/www.tacoandco.fr\/en\/wp-json\/wp\/v2\/posts\/1346\/revisions"}],"wp:featuredmedia":[{"embeddable":true,"href":"https:\/\/www.tacoandco.fr\/en\/wp-json\/wp\/v2\/media\/1342"}],"wp:attachment":[{"href":"https:\/\/www.tacoandco.fr\/en\/wp-json\/wp\/v2\/media?parent=1346"}],"wp:term":[{"taxonomy":"category","embeddable":true,"href":"https:\/\/www.tacoandco.fr\/en\/wp-json\/wp\/v2\/categories?post=1346"},{"taxonomy":"post_tag","embeddable":true,"href":"https:\/\/www.tacoandco.fr\/en\/wp-json\/wp\/v2\/tags?post=1346"}],"curies":[{"name":"wp","href":"https:\/\/api.w.org\/{rel}","templated":true}]}}