{"id":1355,"date":"2011-11-21T10:33:21","date_gmt":"2011-11-21T10:33:21","guid":{"rendered":"http:\/\/www.tacoandco.fr\/?p=1355"},"modified":"2011-11-21T10:33:21","modified_gmt":"2011-11-21T10:33:21","slug":"taco-and-co-vous-presente-provence-prestige-du-24-au-28-novembre-2011-a-arles","status":"publish","type":"post","link":"https:\/\/www.tacoandco.fr\/en\/blog\/2011\/11\/21\/taco-and-co-vous-presente-provence-prestige-du-24-au-28-novembre-2011-a-arles\/","title":{"rendered":"Taco and Co vous pr\u00e9sente Provence Prestige, du 24 au 28 Novembre 2011 \u00e0 Arles"},"content":{"rendered":"<p>Taco and Co et la Chambre de commerce d&rsquo;Arles \u00a0vous invitent \u00e0 vous rendre au palais des congr\u00e9s d&rsquo;Arles pour la \u00a018\u00e8me \u00e9dition de Provence Prestige qui aura lieu du 24 au 28 Novembre 2011.<\/p>\n<p>Ce salon d\u00e9di\u00e9 \u00e0 l&rsquo;art de vivre en\u00a0Provence, s&rsquo;\u00e9tend sur plus de 3500m2\u00a0\u00a0et acceuille plus de 150 exposants.<\/p>\n<p>Invitation offerte aux clients de Taco and Co sur simple demande.<\/p>\n<p>Pour plus d&rsquo;informations sur le Salon:\u00a0<a title=\"Provence prestige\" href=\"http:\/\/www.provence-prestige.com\/\" target=\"_blank\">http:\/\/www.provence-prestige.com<\/a><\/p>\n<p>&nbsp;<\/p>\n<figure id=\"attachment_1356\" aria-describedby=\"caption-attachment-1356\" style=\"width: 400px\" class=\"wp-caption aligncenter\"><a href=\"http:\/\/www.tacoandco.fr\/wp-content\/uploads\/2011\/11\/IMG_0731-Copier.jpg\"><img fetchpriority=\"high\" decoding=\"async\" class=\"size-full wp-image-1356\" title=\"Provence Prestige 2011\" src=\"http:\/\/www.tacoandco.fr\/wp-content\/uploads\/2011\/11\/IMG_0731-Copier.jpg\" alt=\"Provence Prestige 2011\" width=\"400\" height=\"600\" srcset=\"https:\/\/www.tacoandco.fr\/wp-content\/uploads\/2011\/11\/IMG_0731-Copier.jpg 400w, https:\/\/www.tacoandco.fr\/wp-content\/uploads\/2011\/11\/IMG_0731-Copier-200x300.jpg 200w\" sizes=\"(max-width: 400px) 100vw, 400px\" \/><\/a><figcaption id=\"caption-attachment-1356\" class=\"wp-caption-text\">Provence Prestige 2011<\/figcaption><\/figure>","protected":false},"excerpt":{"rendered":"<p>Taco and Co et la Chambre de commerce d&rsquo;Arles \u00a0vous invitent \u00e0 vous rendre au palais des congr\u00e9s d&rsquo;Arles pour la \u00a018\u00e8me \u00e9dition de Provence Prestige qui aura lieu du 24 au 28 Novembre 2011. Ce salon d\u00e9di\u00e9 \u00e0 l&rsquo;art de vivre en\u00a0Provence, s&rsquo;\u00e9tend sur plus de 3500m2\u00a0\u00a0et acceuille plus de 150 exposants. Invitation offerte [&hellip;]<\/p>","protected":false},"author":2,"featured_media":1356,"comment_status":"closed","ping_status":"closed","sticky":false,"template":"","format":"standard","meta":{"footnotes":""},"categories":[4,3],"tags":[],"class_list":["post-1355","post","type-post","status-publish","format-standard","has-post-thumbnail","hentry","category-accueil","category-actualites","entry","has-media"],"aioseo_notices":[],"_links":{"self":[{"href":"https:\/\/www.tacoandco.fr\/en\/wp-json\/wp\/v2\/posts\/1355","targetHints":{"allow":["GET"]}}],"collection":[{"href":"https:\/\/www.tacoandco.fr\/en\/wp-json\/wp\/v2\/posts"}],"about":[{"href":"https:\/\/www.tacoandco.fr\/en\/wp-json\/wp\/v2\/types\/post"}],"author":[{"embeddable":true,"href":"https:\/\/www.tacoandco.fr\/en\/wp-json\/wp\/v2\/users\/2"}],"replies":[{"embeddable":true,"href":"https:\/\/www.tacoandco.fr\/en\/wp-json\/wp\/v2\/comments?post=1355"}],"version-history":[{"count":0,"href":"https:\/\/www.tacoandco.fr\/en\/wp-json\/wp\/v2\/posts\/1355\/revisions"}],"wp:featuredmedia":[{"embeddable":true,"href":"https:\/\/www.tacoandco.fr\/en\/wp-json\/wp\/v2\/media\/1356"}],"wp:attachment":[{"href":"https:\/\/www.tacoandco.fr\/en\/wp-json\/wp\/v2\/media?parent=1355"}],"wp:term":[{"taxonomy":"category","embeddable":true,"href":"https:\/\/www.tacoandco.fr\/en\/wp-json\/wp\/v2\/categories?post=1355"},{"taxonomy":"post_tag","embeddable":true,"href":"https:\/\/www.tacoandco.fr\/en\/wp-json\/wp\/v2\/tags?post=1355"}],"curies":[{"name":"wp","href":"https:\/\/api.w.org\/{rel}","templated":true}]}}