{"id":1438,"date":"2012-03-18T09:44:08","date_gmt":"2012-03-18T09:44:08","guid":{"rendered":"http:\/\/www.tacoandco.fr\/?p=1438"},"modified":"2012-03-18T09:45:46","modified_gmt":"2012-03-18T09:45:46","slug":"feria-de-paques-2012-a-arles-voila-le-programme","status":"publish","type":"post","link":"https:\/\/www.tacoandco.fr\/en\/blog\/2012\/03\/18\/feria-de-paques-2012-a-arles-voila-le-programme\/","title":{"rendered":"F\u00e9ria de P\u00e2ques 2012 \u00e0 Arles, voil\u00e0 le programme !!!"},"content":{"rendered":"<p><strong>La f\u00e9ria de P\u00e2ques 2012 aura lieu \u00e0 Arles du 6 au 9 Avril 2012.<\/strong><\/p>\n<p><strong>Taco and co vous souhaite une tr\u00e9s bonne f\u00e9ria et vous pr\u00e9sente le programme pour cette \u00e9dition 2012:<\/strong><\/p>\n<table width=\"800\" border=\"0\" cellspacing=\"0\" cellpadding=\"0\">\n<tbody>\n<tr>\n<td valign=\"top\" width=\"582\">\n<table border=\"0\" cellpadding=\"0\">\n<tbody>\n<tr>\n<td valign=\"top\" width=\"582\"><\/td>\n<\/tr>\n<tr>\n<td><strong><br \/>\n<span style=\"text-decoration: underline;\">VENDREDI 06 AVRIL 2012<\/span><br \/>\n<\/strong><br \/>\n<strong>\u2022 10 H 00 &#8211; Devant les Ar\u00e8nes\u00a0&#8211; Aubade des pe\u00f1as\u00a0<\/strong><br \/>\n<strong><br \/>\n\u2022 11 H 00 &#8211; Ar\u00e8nes d\u2019Arles &#8211; Novillada non piqu\u00e9e<\/strong>\u2022 12 H 00 &#8211; Bd V. Hugo<\/p>\n<p>&#8211;<strong>Animation des pe\u00f1as\u00a0<\/strong><br \/>\n<strong><br \/>\n\u2022 13 H 00 &#8211; Bd V. Hugo\u00a0\u2013 Abrivado\u00a0<\/strong>&#8211; manade Albert CHAPELLE\u2022 16 H 30 &#8211; Devant les Ar\u00e8nes\u00a0&#8211; Concert des pe\u00f1as<br \/>\n<strong><strong><br \/>\n\u2022 17 H 30 &#8211; Ar\u00e8nes d\u2019Arles- Corrida<\/strong><\/strong>\u2022 18 H 30 &#8211; Bd V. Hugo\u00a0&#8211; Animation des pe\u00f1as<\/p>\n<p>\u2022 19 H 30 &#8211; Bd V. Hugo\u00a0\u2013 Bandido<\/p>\n<p>\u2013 manade\u00a0 THIBAUD\u2022 21 H 00 &#8211; Ar\u00e8nes portatives Place de la Croisi\u00e8re<\/p>\n<p><strong><strong><br \/>\nRECORTADORES course de qualification<br \/>\nPour \u00ab\u00a0Le Souvenir Francis ESPEJO \u00bb<\/strong><\/strong>\u2022 21 H 30 &#8211; Podium place de la R\u00e9publique\u00a0&#8211; Orchestre \u00ab\u00a0SOLARIS\u00a0\u00bb<\/p>\n<p>\u2022 21 H 30 &#8211; Podium place Voltaire\u00a0\u2013 Concert LOS NI\u00d1OS GYPSIES<\/p>\n<p><strong><span style=\"text-decoration: underline;\">SAMEDI 07 AVRIL 2012<\/span><\/strong><\/p>\n<p><strong>\u2022 10 H 00 &#8211; Cavalerie Voltaire\u00a0&#8211; Encierro\u00a0<\/strong>\u2013 manade AUBANEL\u00a0\u00a0\u00a0\u00a0<strong><\/strong><\/p>\n<p>\u2022 10 H 00 &#8211; Devant les Ar\u00e8nes\u00a0&#8211; Aubade des pe\u00f1as<\/p>\n<p>\u2022 11 H 00 &#8211; Ar\u00e8nes portatives Place de la Croisi\u00e8re<br \/>\nmanade PEYTAVIN\u00a0<strong><br \/>\nCourse Camarguaise de qualification<br \/>\nPour \u00ab Le Souvenir Francis ESPEJO \u00bb<br \/>\nEcoles des jeunes raseteurs: Arles \u2013 Raph\u00e8le<br \/>\nune vache pour les amateurs<\/strong><\/p>\n<p>\u2022 11 H 00 &#8211; Ar\u00e8nes d\u2019Arles\u00a0&#8211; Novillada<\/p>\n<p>\u2022 12 H 00 &#8211; Bd V. Hugo\u00a0&#8211; Animation des pe\u00f1as<\/p>\n<p>\u2022 13 H 00 &#8211; Bd V.Hugo\u00a0\u2013 Abrivado\u00a0\u2013 manade ROUSTY\u00a0<strong><\/strong><\/p>\n<p>\u2022 15 H 00 &#8211; Ar\u00e8nes portatives Place de la Croisi\u00e8re<br \/>\nmanade BLANC<strong><br \/>\nCapea de qualification<br \/>\nPour \u00ab Le Souvenir Francis ESPEJO \u00bb<br \/>\nEcole taurine d\u2019Arles<\/strong><\/p>\n<p>\u2022 15 H 00 &#8211; Place de la R\u00e9publique<br \/>\nGRAND CONCERT DES PENAS ET BANDAS<\/p>\n<p>\u2022 16 H 00 &#8211; Devant les ar\u00e8nes\u00a0&#8211; Concert des pe\u00f1as<\/p>\n<p>\u2022 17 H 00 &#8211; Ar\u00e8nes d\u2019Arles\u00a0-Corrida<\/p>\n<p>\u2022 18 H 30 &#8211; Bd des Lices\u00a0\u00a0&#8211; Animation des pe\u00f1as<\/p>\n<p>\u2022 19 H 30 &#8211; Bd des Lices\u00a0&#8211;\u00a0L\u00e2cher de 30 taureaux<br \/>\nmanade LESCOT\u00a0<strong><\/strong><\/p>\n<p>\u2022 21 H 00 &#8211; Podium place de la R\u00e9publique<br \/>\nAnimation Andalouse par \u00ab LOS DEL PATIO \u00bb<br \/>\n<strong><br \/>\n\u2022 21 H 00 &#8211; Ar\u00e8nes portatives Place de la Croisi\u00e8re<br \/>\n<\/strong>\u00a0manade CORA\u00a0\u00a0\u00a0\u00a0\u00a0\u00a0\u00a0\u00a0\u00a0\u00a0\u00a0\u00a0<strong><br \/>\nRECORTADORES course de qualification<br \/>\nPour \u00ab Le Souvenir Francis ESPEJO \u00bb<\/strong><\/p>\n<p>\u2022 21 H 30 &#8211; Podium place Voltaire<br \/>\nConcert \u00ab\u00a0TRIBUTE TO U2 BY GARRET EDWARDS\u00a0\u00bb<\/p>\n<p><strong><span style=\"text-decoration: underline;\">DIMANCHE 08 AVRIL 2012<\/span><\/strong><\/p>\n<p><strong>\u2022 10 H 00 &#8211; Cavalerie Voltaire\u00a0\u2013 Encierro\u00a0<\/strong>&#8211; manade\u00a0 DES ALPILLES\u00a0<strong><\/strong><\/p>\n<p>\u2022 10 H 00 &#8211; Devant les Ar\u00e8nes\u00a0&#8211; Aubade des pe\u00f1as<\/p>\n<p>\u2022 10 H 00\u00a0\u2013 D\u00e9fil\u00e9 de Cal\u00e8ches et chevaux avec groupes de s\u00e9villanes<br \/>\nDans les rues de la Ville<br \/>\nOrganis\u00e9 par le Club Taurin \u00ab Les Andalouses \u00bb<\/p>\n<p>\u2022 11 H 00 &#8211; Ar\u00e8nes portatives Place de la Croisi\u00e8re<br \/>\nmanade SAINT GERMAIN\u00a0<strong><br \/>\nCourse Camarguaise de qualification<br \/>\nPour \u00ab Le Souvenir Francis ESPEJO \u00bb<br \/>\nEcoles des jeunes raseteurs: Arles \u2013 Raph\u00e8le<br \/>\nUne vache pour les amateurs<\/strong><\/p>\n<p>\u2022 11 H 00 &#8211; Ar\u00e8nes d\u2019Arles &#8211; Corrida<\/p>\n<p>\u2022 12 H 00 &#8211; Bd des Lices\u00a0&#8211; Animation des pe\u00f1as<\/p>\n<p>\u2022 13 H 00 &#8211; Bd des Lices\u00a0&#8211; Festival d&rsquo;Abrivado<br \/>\n3 Manades :\u00a0 AGU \u2013 QUET \u2013 LE REVIVRE<strong><br \/>\nOffert par M. Jean-Claude.GUALANDI du magasin SPAR<br \/>\nA l\u2019issue du Festival Le Comit\u00e9 remettra sa M\u00e9daille 2012 \u00e0 M. JC.GUALANDI<\/strong><\/p>\n<p>\u2022 14 H 30 &#8211; Place de la Croisi\u00e8re &#8211; Ar\u00e8nes portatives<br \/>\nD\u00e9monstration de dressage et de Rejon<br \/>\nPar Cl\u00e9mence ROBINEAU Ost\u00e9opathe\u00a0 \u00e9quin<\/p>\n<p>\u2022 15 H 00 &#8211; Ar\u00e8nes portatives Place de la Croisi\u00e8re<br \/>\nCapea de qualification<br \/>\nPour \u00ab Le Souvenir Francis ESPEJO \u00bb<br \/>\nEcole taurine d\u2019Arles<\/p>\n<p>\u2022 15 H 30 \u2013\u00a0GRAND DEFILE dans les rues d\u2019Arles<br \/>\nDes pe\u00f1as et Bandas<\/p>\n<p>\u2022 16 H 00 &#8211; Devant les Ar\u00e8nes\u00a0&#8211; Concert des pe\u00f1as<\/p>\n<p>\u2022 17 H 00 &#8211; Ar\u00e8nes d\u2019Arles- Corrida<\/p>\n<p>\u2022 A l\u2019issue de la corrida\u00a0&#8211; Remise en piste du troph\u00e9e Louis PAGES<\/p>\n<p>\u2022 19 H 00 &#8211; Bd des Lices\u00a0\u00a0&#8211; Animation des pe\u00f1as<\/p>\n<p>\u2022 20 H 00 &#8211; Podium place de la R\u00e9publique<br \/>\nConcert de CHICUELO II<\/p>\n<p>\u2022 20 H 00 &#8211; Bd des Lices\u00a0&#8211; Bandido\u00a0\u2013 manade\u00a0 BRUGEAS\u00a0<strong><\/strong><\/p>\n<p>\u2022 21 H 00 &#8211; Bd. des Lices jusqu&rsquo;\u00e0 la place de la R\u00e9publique<br \/>\nD\u00e9fil\u00e9 des Bandas<\/p>\n<p>\u2022 21 H 30 &#8211; Podium place Voltaire<br \/>\nOrchestre \u00ab\u00a0ANGEL MUSIC SHOW\u00a0\u00bb<\/p>\n<p>\u2022 22 H 00 &#8211; Place de la R\u00e9publique\u00a0&#8211; TORO DE FUEGO<\/p>\n<p><strong>LUNDI 09 AVRIL 2012<\/strong><\/p>\n<p><strong>\u2022 10 H 00 &#8211; Cavalerie Voltaire\u00a0\u2013 Encierro\u00a0<\/strong>\u2013 manade\u00a0 AUBANEL\u00a0<strong><\/strong><\/p>\n<p>\u2022 10 H 00 &#8211; Devant les Ar\u00e8nes\u00a0&#8211; Aubade des pe\u00f1as<\/p>\n<p>\u2022 11 H 00 &#8211; Ar\u00e8nes d\u2019Arles -corrida de Rejon<\/p>\n<p>\u2022 12 H 00 &#8211; Bd des Lices\u00a0&#8211; Animation des pe\u00f1as<\/p>\n<p>\u2022 13 H 00 &#8211; Bd des lices\u00a0&#8211; L\u00e2cher de TOROS\u00a0\u2013 Ganaderia BOUTAUD\u00a0<strong><\/strong><\/p>\n<p>\u2022 15 H 00 &#8211; Ar\u00e8nes portatives Place de la Croisi\u00e8re<br \/>\nmanade\u00a0 LESCOT<strong><br \/>\nFinale du \u00ab Souvenir Francis ESPEJO \u00bb<br \/>\nCourse Camarguaise &#8211; Capea &#8211; Recortadores<br \/>\nRemise des 3 troph\u00e9es<\/strong><\/p>\n<p>\u2022 15 H 00 &#8211; Place de la R\u00e9publique<br \/>\nCONCERT \u00ab\u00a0SALSA CON TIMBA\u00a0\u00bb<\/p>\n<p>\u2022 16 H 00 &#8211; Devant les Ar\u00e8nes\u00a0&#8211; concert des pe\u00f1as<\/p>\n<p>\u2022 17 H 00 &#8211; Ar\u00e8nes d\u2019Arles &#8211; Corrida<\/p>\n<p>\u2022 18 H 30 &#8211; Bd des Lices\u00a0\u00a0&#8211; Animation des pe\u00f1as<\/p>\n<p>\u2022 19 H 00 &#8211; Bd des Lices\u00a0&#8211; Bandido finale<br \/>\nmanades BRUGEAS et DU REVIVRE<strong><br \/>\nBandido au F\u00e9minin<br \/>\n<\/strong><\/p>\n<figure id=\"attachment_1439\" aria-describedby=\"caption-attachment-1439\" style=\"width: 406px\" class=\"wp-caption aligncenter\"><a href=\"http:\/\/www.tacoandco.fr\/wp-content\/uploads\/2012\/03\/une_paques12-Copier.jpg\"><img fetchpriority=\"high\" decoding=\"async\" class=\"size-full wp-image-1439\" title=\"F\u00e9ria de Paques d'Arles 2012\" src=\"http:\/\/www.tacoandco.fr\/wp-content\/uploads\/2012\/03\/une_paques12-Copier.jpg\" alt=\"F\u00e9ria de Paques d'Arles 2012\" width=\"406\" height=\"600\" srcset=\"https:\/\/www.tacoandco.fr\/wp-content\/uploads\/2012\/03\/une_paques12-Copier.jpg 406w, https:\/\/www.tacoandco.fr\/wp-content\/uploads\/2012\/03\/une_paques12-Copier-203x300.jpg 203w\" sizes=\"(max-width: 406px) 100vw, 406px\" \/><\/a><figcaption id=\"caption-attachment-1439\" class=\"wp-caption-text\">F\u00e9ria de Paques d&#39;Arles 2012<\/figcaption><\/figure>\n<p>&nbsp;<\/p>\n<p>&nbsp;<\/p>\n<p>&nbsp;<\/td>\n<\/tr>\n<\/tbody>\n<\/table>\n<\/td>\n<\/tr>\n<\/tbody>\n<\/table>\n<p>&nbsp;<\/p>\n<p>&nbsp;<\/p>","protected":false},"excerpt":{"rendered":"<p>La f\u00e9ria de P\u00e2ques 2012 aura lieu \u00e0 Arles du 6 au 9 Avril 2012. Taco and co vous souhaite une tr\u00e9s bonne f\u00e9ria et vous pr\u00e9sente le programme pour cette \u00e9dition 2012: VENDREDI 06 AVRIL 2012 \u2022 10 H 00 &#8211; Devant les Ar\u00e8nes\u00a0&#8211; Aubade des pe\u00f1as\u00a0 \u2022 11 H 00 &#8211; Ar\u00e8nes d\u2019Arles [&hellip;]<\/p>","protected":false},"author":2,"featured_media":1439,"comment_status":"closed","ping_status":"closed","sticky":false,"template":"","format":"standard","meta":{"footnotes":""},"categories":[4,3],"tags":[],"class_list":["post-1438","post","type-post","status-publish","format-standard","has-post-thumbnail","hentry","category-accueil","category-actualites","entry","has-media"],"aioseo_notices":[],"_links":{"self":[{"href":"https:\/\/www.tacoandco.fr\/en\/wp-json\/wp\/v2\/posts\/1438","targetHints":{"allow":["GET"]}}],"collection":[{"href":"https:\/\/www.tacoandco.fr\/en\/wp-json\/wp\/v2\/posts"}],"about":[{"href":"https:\/\/www.tacoandco.fr\/en\/wp-json\/wp\/v2\/types\/post"}],"author":[{"embeddable":true,"href":"https:\/\/www.tacoandco.fr\/en\/wp-json\/wp\/v2\/users\/2"}],"replies":[{"embeddable":true,"href":"https:\/\/www.tacoandco.fr\/en\/wp-json\/wp\/v2\/comments?post=1438"}],"version-history":[{"count":0,"href":"https:\/\/www.tacoandco.fr\/en\/wp-json\/wp\/v2\/posts\/1438\/revisions"}],"wp:featuredmedia":[{"embeddable":true,"href":"https:\/\/www.tacoandco.fr\/en\/wp-json\/wp\/v2\/media\/1439"}],"wp:attachment":[{"href":"https:\/\/www.tacoandco.fr\/en\/wp-json\/wp\/v2\/media?parent=1438"}],"wp:term":[{"taxonomy":"category","embeddable":true,"href":"https:\/\/www.tacoandco.fr\/en\/wp-json\/wp\/v2\/categories?post=1438"},{"taxonomy":"post_tag","embeddable":true,"href":"https:\/\/www.tacoandco.fr\/en\/wp-json\/wp\/v2\/tags?post=1438"}],"curies":[{"name":"wp","href":"https:\/\/api.w.org\/{rel}","templated":true}]}}