{"id":1446,"date":"2012-03-20T13:01:04","date_gmt":"2012-03-20T13:01:04","guid":{"rendered":"http:\/\/www.tacoandco.fr\/?p=1446"},"modified":"2012-03-20T13:01:04","modified_gmt":"2012-03-20T13:01:04","slug":"taco-and-co-vous-transporte-pendant-la-feria-de-paques-2012-a-arles","status":"publish","type":"post","link":"https:\/\/www.tacoandco.fr\/en\/blog\/2012\/03\/20\/taco-and-co-vous-transporte-pendant-la-feria-de-paques-2012-a-arles\/","title":{"rendered":"Taco and Co vous transporte pendant la F\u00e9ria de Paques 2012 \u00e0 Arles."},"content":{"rendered":"<p>Taco and Co vous propose de vous faciliter l\u2019acc\u00e8s en centre ville d\u2019Arles pendant la f\u00e9ra de P\u00e2ques 2012.<\/p>\n<p>En effet, nous pouvons venir vous chercher, en v\u00e9lo taco (\u00e0 votre voiture, \u00e0 la gare, etc\u2026), pour vous amener en centre-ville et ainsi faciliter vos d\u00e9placements.<\/p>\n<p>Les v\u00e9los circuleront de 9h \u00e0 14h.<\/p>\n<p>Pensez \u00e0 r\u00e9server au 06 50 29 6000 ou sur \u00a0contact@tacoandco.fr<\/p>\n<figure id=\"attachment_1439\" aria-describedby=\"caption-attachment-1439\" style=\"width: 406px\" class=\"wp-caption aligncenter\"><a href=\"http:\/\/www.tacoandco.fr\/wp-content\/uploads\/2012\/03\/une_paques12-Copier.jpg\"><img fetchpriority=\"high\" decoding=\"async\" class=\"size-full wp-image-1439\" title=\"F\u00e9ria de Paques d'Arles 2012\" src=\"http:\/\/www.tacoandco.fr\/wp-content\/uploads\/2012\/03\/une_paques12-Copier.jpg\" alt=\"F\u00e9ria de Paques d'Arles 2012\" width=\"406\" height=\"600\" srcset=\"https:\/\/www.tacoandco.fr\/wp-content\/uploads\/2012\/03\/une_paques12-Copier.jpg 406w, https:\/\/www.tacoandco.fr\/wp-content\/uploads\/2012\/03\/une_paques12-Copier-203x300.jpg 203w\" sizes=\"(max-width: 406px) 100vw, 406px\" \/><\/a><figcaption id=\"caption-attachment-1439\" class=\"wp-caption-text\">F\u00e9ria de P\u00e2ques 2012 \u00e0 Arles<\/figcaption><\/figure>","protected":false},"excerpt":{"rendered":"<p>Taco and Co vous propose de vous faciliter l\u2019acc\u00e8s en centre ville d\u2019Arles pendant la f\u00e9ra de P\u00e2ques 2012. En effet, nous pouvons venir vous chercher, en v\u00e9lo taco (\u00e0 votre voiture, \u00e0 la gare, etc\u2026), pour vous amener en centre-ville et ainsi faciliter vos d\u00e9placements. Les v\u00e9los circuleront de 9h \u00e0 14h. Pensez \u00e0 [&hellip;]<\/p>","protected":false},"author":2,"featured_media":1439,"comment_status":"closed","ping_status":"closed","sticky":false,"template":"","format":"standard","meta":{"footnotes":""},"categories":[4,3],"tags":[],"class_list":["post-1446","post","type-post","status-publish","format-standard","has-post-thumbnail","hentry","category-accueil","category-actualites","entry","has-media"],"aioseo_notices":[],"_links":{"self":[{"href":"https:\/\/www.tacoandco.fr\/en\/wp-json\/wp\/v2\/posts\/1446","targetHints":{"allow":["GET"]}}],"collection":[{"href":"https:\/\/www.tacoandco.fr\/en\/wp-json\/wp\/v2\/posts"}],"about":[{"href":"https:\/\/www.tacoandco.fr\/en\/wp-json\/wp\/v2\/types\/post"}],"author":[{"embeddable":true,"href":"https:\/\/www.tacoandco.fr\/en\/wp-json\/wp\/v2\/users\/2"}],"replies":[{"embeddable":true,"href":"https:\/\/www.tacoandco.fr\/en\/wp-json\/wp\/v2\/comments?post=1446"}],"version-history":[{"count":0,"href":"https:\/\/www.tacoandco.fr\/en\/wp-json\/wp\/v2\/posts\/1446\/revisions"}],"wp:featuredmedia":[{"embeddable":true,"href":"https:\/\/www.tacoandco.fr\/en\/wp-json\/wp\/v2\/media\/1439"}],"wp:attachment":[{"href":"https:\/\/www.tacoandco.fr\/en\/wp-json\/wp\/v2\/media?parent=1446"}],"wp:term":[{"taxonomy":"category","embeddable":true,"href":"https:\/\/www.tacoandco.fr\/en\/wp-json\/wp\/v2\/categories?post=1446"},{"taxonomy":"post_tag","embeddable":true,"href":"https:\/\/www.tacoandco.fr\/en\/wp-json\/wp\/v2\/tags?post=1446"}],"curies":[{"name":"wp","href":"https:\/\/api.w.org\/{rel}","templated":true}]}}