{"id":1525,"date":"2012-05-07T15:36:24","date_gmt":"2012-05-07T15:36:24","guid":{"rendered":"http:\/\/www.tacoandco.fr\/?p=1525"},"modified":"2012-05-07T15:36:24","modified_gmt":"2012-05-07T15:36:24","slug":"la-fete-des-vignerons-des-baux-samedi-12-mai-2012-a-saint-remy-de-provence","status":"publish","type":"post","link":"https:\/\/www.tacoandco.fr\/en\/blog\/2012\/05\/07\/la-fete-des-vignerons-des-baux-samedi-12-mai-2012-a-saint-remy-de-provence\/","title":{"rendered":"La f\u00eate des vignerons des Baux, Samedi 12 Mai 2012 \u00e0 Saint R\u00e9my de Provence."},"content":{"rendered":"<p>Taco and Co vous invite \u00e0 \u00ab\u00a0la f\u00eate des vignerons des Baux\u00a0\u00bb qui aura lieu le Samedi 12 Mai 2012, \u00a0de 10h \u00e0 19h \u00e0 Saint-Remy de Provence.<\/p>\n<p>Les vignerons de la vall\u00e9e des Baux vous attendent de 10h00 \u00e0 19h00, place Favier pour vous faire d\u00e9guster leurs vins.<\/p>\n<p>Venez nombreux d\u00e9couvrir les 15 vignobles qui composent cette\u00a0appellation .<\/p>\n<p>Trois chefs des Alpilles proposeront \u00e9galement des d\u00e9gustations tout au long de la journ\u00e9e&#8230;<\/p>\n<figure id=\"attachment_1526\" aria-describedby=\"caption-attachment-1526\" style=\"width: 300px\" class=\"wp-caption aligncenter\"><a href=\"http:\/\/www.tacoandco.fr\/wp-content\/uploads\/2012\/05\/IMG_1164-Copier.jpg\"><img fetchpriority=\"high\" decoding=\"async\" class=\"size-medium wp-image-1526\" title=\"La F\u00eate des vignerons des Baux 2012\" src=\"http:\/\/www.tacoandco.fr\/wp-content\/uploads\/2012\/05\/IMG_1164-Copier-300x199.jpg\" alt=\"La F\u00eate des vignerons des Baux 2012\" width=\"300\" height=\"199\" srcset=\"https:\/\/www.tacoandco.fr\/wp-content\/uploads\/2012\/05\/IMG_1164-Copier-300x199.jpg 300w, https:\/\/www.tacoandco.fr\/wp-content\/uploads\/2012\/05\/IMG_1164-Copier.jpg 800w\" sizes=\"(max-width: 300px) 100vw, 300px\" \/><\/a><figcaption id=\"caption-attachment-1526\" class=\"wp-caption-text\">La F\u00eate des vignerons des Baux 2012<\/figcaption><\/figure>","protected":false},"excerpt":{"rendered":"<p>Taco and Co vous invite \u00e0 \u00ab\u00a0la f\u00eate des vignerons des Baux\u00a0\u00bb qui aura lieu le Samedi 12 Mai 2012, \u00a0de 10h \u00e0 19h \u00e0 Saint-Remy de Provence. Les vignerons de la vall\u00e9e des Baux vous attendent de 10h00 \u00e0 19h00, place Favier pour vous faire d\u00e9guster leurs vins. Venez nombreux d\u00e9couvrir les 15 vignobles [&hellip;]<\/p>","protected":false},"author":2,"featured_media":1526,"comment_status":"closed","ping_status":"closed","sticky":false,"template":"","format":"standard","meta":{"footnotes":""},"categories":[4,3],"tags":[],"class_list":["post-1525","post","type-post","status-publish","format-standard","has-post-thumbnail","hentry","category-accueil","category-actualites","entry","has-media"],"aioseo_notices":[],"_links":{"self":[{"href":"https:\/\/www.tacoandco.fr\/en\/wp-json\/wp\/v2\/posts\/1525","targetHints":{"allow":["GET"]}}],"collection":[{"href":"https:\/\/www.tacoandco.fr\/en\/wp-json\/wp\/v2\/posts"}],"about":[{"href":"https:\/\/www.tacoandco.fr\/en\/wp-json\/wp\/v2\/types\/post"}],"author":[{"embeddable":true,"href":"https:\/\/www.tacoandco.fr\/en\/wp-json\/wp\/v2\/users\/2"}],"replies":[{"embeddable":true,"href":"https:\/\/www.tacoandco.fr\/en\/wp-json\/wp\/v2\/comments?post=1525"}],"version-history":[{"count":0,"href":"https:\/\/www.tacoandco.fr\/en\/wp-json\/wp\/v2\/posts\/1525\/revisions"}],"wp:featuredmedia":[{"embeddable":true,"href":"https:\/\/www.tacoandco.fr\/en\/wp-json\/wp\/v2\/media\/1526"}],"wp:attachment":[{"href":"https:\/\/www.tacoandco.fr\/en\/wp-json\/wp\/v2\/media?parent=1525"}],"wp:term":[{"taxonomy":"category","embeddable":true,"href":"https:\/\/www.tacoandco.fr\/en\/wp-json\/wp\/v2\/categories?post=1525"},{"taxonomy":"post_tag","embeddable":true,"href":"https:\/\/www.tacoandco.fr\/en\/wp-json\/wp\/v2\/tags?post=1525"}],"curies":[{"name":"wp","href":"https:\/\/api.w.org\/{rel}","templated":true}]}}