{"id":1608,"date":"2012-06-29T09:25:53","date_gmt":"2012-06-29T09:25:53","guid":{"rendered":"http:\/\/www.tacoandco.fr\/?p=1608"},"modified":"2012-06-29T09:36:40","modified_gmt":"2012-06-29T09:36:40","slug":"taco-and-co-en-gare-darles-tout-lete-2012-pour-vous-faciliter-lacces-au-centre-ville","status":"publish","type":"post","link":"https:\/\/www.tacoandco.fr\/en\/blog\/2012\/06\/29\/taco-and-co-en-gare-darles-tout-lete-2012-pour-vous-faciliter-lacces-au-centre-ville\/","title":{"rendered":"Taco and Co en gare d&rsquo;Arles tout l&rsquo;\u00e9t\u00e9 2012 pour vous faciliter l\u2019acc\u00e8s au centre ville."},"content":{"rendered":"<p>Dans le cadre des Rencontres de la Photographie d&rsquo;Arles 2012, Taco and Co s&rsquo;associe \u00e0 Gares et Connexions pour toute la dur\u00e9e du festival 2012.<\/p>\n<p>Les \u00a0v\u00e9los de Taco and Co seront \u00a0pr\u00e9sents en gare SNCF d&rsquo;Arles pour vous permettre de vous rendre plus facilement en centre ville.<\/p>\n<p>Si vous souhaitez qu&rsquo;un v\u00e9lo-taco vous attende en gare d&rsquo;Arles d\u00e8s votre arriv\u00e9e, il est conseill\u00e9 de r\u00e9server au 0650296000.<\/p>\n<figure id=\"attachment_1609\" aria-describedby=\"caption-attachment-1609\" style=\"width: 200px\" class=\"wp-caption aligncenter\"><a href=\"http:\/\/www.tacoandco.fr\/wp-content\/uploads\/2012\/06\/IMG_1407-Copier1.jpg\"><img fetchpriority=\"high\" decoding=\"async\" class=\"size-medium wp-image-1609\" src=\"http:\/\/www.tacoandco.fr\/wp-content\/uploads\/2012\/06\/IMG_1407-Copier1-200x300.jpg\" alt=\"Taco and Co en gare d'Arles tout l'\u00e9t\u00e9\" width=\"200\" height=\"300\" srcset=\"https:\/\/www.tacoandco.fr\/wp-content\/uploads\/2012\/06\/IMG_1407-Copier1-200x300.jpg 200w, https:\/\/www.tacoandco.fr\/wp-content\/uploads\/2012\/06\/IMG_1407-Copier1.jpg 400w\" sizes=\"(max-width: 200px) 100vw, 200px\" \/><\/a><figcaption id=\"caption-attachment-1609\" class=\"wp-caption-text\">Taco and Co en gare d&#039;Arles tout l&#039;\u00e9t\u00e9<\/figcaption><\/figure>\n<p>&nbsp;<\/p>\n<p>&nbsp;<\/p>","protected":false},"excerpt":{"rendered":"<p>Dans le cadre des Rencontres de la Photographie d&rsquo;Arles 2012, Taco and Co s&rsquo;associe \u00e0 Gares et Connexions pour toute la dur\u00e9e du festival 2012. Les \u00a0v\u00e9los de Taco and Co seront \u00a0pr\u00e9sents en gare SNCF d&rsquo;Arles pour vous permettre de vous rendre plus facilement en centre ville. Si vous souhaitez qu&rsquo;un v\u00e9lo-taco vous attende [&hellip;]<\/p>","protected":false},"author":2,"featured_media":1615,"comment_status":"closed","ping_status":"closed","sticky":false,"template":"","format":"standard","meta":{"footnotes":""},"categories":[4,3],"tags":[],"class_list":["post-1608","post","type-post","status-publish","format-standard","has-post-thumbnail","hentry","category-accueil","category-actualites","entry","has-media"],"aioseo_notices":[],"_links":{"self":[{"href":"https:\/\/www.tacoandco.fr\/en\/wp-json\/wp\/v2\/posts\/1608","targetHints":{"allow":["GET"]}}],"collection":[{"href":"https:\/\/www.tacoandco.fr\/en\/wp-json\/wp\/v2\/posts"}],"about":[{"href":"https:\/\/www.tacoandco.fr\/en\/wp-json\/wp\/v2\/types\/post"}],"author":[{"embeddable":true,"href":"https:\/\/www.tacoandco.fr\/en\/wp-json\/wp\/v2\/users\/2"}],"replies":[{"embeddable":true,"href":"https:\/\/www.tacoandco.fr\/en\/wp-json\/wp\/v2\/comments?post=1608"}],"version-history":[{"count":0,"href":"https:\/\/www.tacoandco.fr\/en\/wp-json\/wp\/v2\/posts\/1608\/revisions"}],"wp:featuredmedia":[{"embeddable":true,"href":"https:\/\/www.tacoandco.fr\/en\/wp-json\/wp\/v2\/media\/1615"}],"wp:attachment":[{"href":"https:\/\/www.tacoandco.fr\/en\/wp-json\/wp\/v2\/media?parent=1608"}],"wp:term":[{"taxonomy":"category","embeddable":true,"href":"https:\/\/www.tacoandco.fr\/en\/wp-json\/wp\/v2\/categories?post=1608"},{"taxonomy":"post_tag","embeddable":true,"href":"https:\/\/www.tacoandco.fr\/en\/wp-json\/wp\/v2\/tags?post=1608"}],"curies":[{"name":"wp","href":"https:\/\/api.w.org\/{rel}","templated":true}]}}