{"id":1625,"date":"2012-07-04T09:46:11","date_gmt":"2012-07-04T09:46:11","guid":{"rendered":"http:\/\/www.tacoandco.fr\/?p=1625"},"modified":"2012-07-04T09:47:46","modified_gmt":"2012-07-04T09:47:46","slug":"exposition-christian-lacroixpablo-picasso-au-musee-reattu-darles-jusqua-la-fin-2012","status":"publish","type":"post","link":"https:\/\/www.tacoandco.fr\/en\/blog\/2012\/07\/04\/exposition-christian-lacroixpablo-picasso-au-musee-reattu-darles-jusqua-la-fin-2012\/","title":{"rendered":"Exposition Christian Lacroix\/Pablo Picasso au Mus\u00e9e R\u00e9attu d&rsquo;Arles jusqu&rsquo;\u00e0 la fin 2012."},"content":{"rendered":"<p>Taco and Co vous invite \u00e0 d\u00e9couvrir la rencontre entre Picasso et Christian Lacroix \u00e0 travers l&rsquo; exposition Acte V \u00a0sc\u00e8ne 2 et 3 au Mus\u00e9e R\u00e9attu d&rsquo;Arles.<\/p>\n<p>Venez nombreux d\u00e9couvrir cette rencontre haut en couleur qui se terminera le 31 D\u00e9cembre 2012.<\/p>\n<p>Pour plus d&rsquo;informations:<a href=\"http:\/\/www.museereattu.arles.fr\" target=\"_blank\">http:\/\/www.museereattu.arles.fr\u00a0<\/a><\/p>\n<figure id=\"attachment_1626\" aria-describedby=\"caption-attachment-1626\" style=\"width: 300px\" class=\"wp-caption aligncenter\"><a href=\"http:\/\/www.tacoandco.fr\/wp-content\/uploads\/2012\/07\/IMG_1434-Copier.jpg\"><img fetchpriority=\"high\" decoding=\"async\" class=\"size-medium wp-image-1626\" title=\"Acte V sc\u00e8ne 3 au Mus\u00e9e R\u00e9attu \u00e0 Arles\" src=\"http:\/\/www.tacoandco.fr\/wp-content\/uploads\/2012\/07\/IMG_1434-Copier-300x199.jpg\" alt=\"Acte V sc\u00e8ne 3 au Mus\u00e9e R\u00e9attu \u00e0 Arles\" width=\"300\" height=\"199\" srcset=\"https:\/\/www.tacoandco.fr\/wp-content\/uploads\/2012\/07\/IMG_1434-Copier-300x199.jpg 300w, https:\/\/www.tacoandco.fr\/wp-content\/uploads\/2012\/07\/IMG_1434-Copier.jpg 800w\" sizes=\"(max-width: 300px) 100vw, 300px\" \/><\/a><figcaption id=\"caption-attachment-1626\" class=\"wp-caption-text\">Acte V sc\u00e8ne 3 au Mus\u00e9e R\u00e9attu \u00e0 Arles<\/figcaption><\/figure>\n<p>&nbsp;<\/p>\n<figure id=\"attachment_1627\" aria-describedby=\"caption-attachment-1627\" style=\"width: 200px\" class=\"wp-caption aligncenter\"><a href=\"http:\/\/www.tacoandco.fr\/wp-content\/uploads\/2012\/07\/IMG_1442-Copier.jpg\"><img decoding=\"async\" class=\"size-medium wp-image-1627\" title=\"La rencontre Picasso \/ Christian Lacroix au Mus\u00e9e R\u00e9attu d'Arles\" src=\"http:\/\/www.tacoandco.fr\/wp-content\/uploads\/2012\/07\/IMG_1442-Copier-200x300.jpg\" alt=\"La rencontre Picasso \/ Christian Lacroix au Mus\u00e9e R\u00e9attu d'Arles\" width=\"200\" height=\"300\" srcset=\"https:\/\/www.tacoandco.fr\/wp-content\/uploads\/2012\/07\/IMG_1442-Copier-200x300.jpg 200w, https:\/\/www.tacoandco.fr\/wp-content\/uploads\/2012\/07\/IMG_1442-Copier.jpg 400w\" sizes=\"(max-width: 200px) 100vw, 200px\" \/><\/a><figcaption id=\"caption-attachment-1627\" class=\"wp-caption-text\">La rencontre Picasso \/ Christian Lacroix au Mus\u00e9e R\u00e9attu d&rsquo;Arles<\/figcaption><\/figure>\n<figure id=\"attachment_1628\" aria-describedby=\"caption-attachment-1628\" style=\"width: 200px\" class=\"wp-caption aligncenter\"><a href=\"http:\/\/www.tacoandco.fr\/wp-content\/uploads\/2012\/07\/IMG_1445-Copier.jpg\"><img decoding=\"async\" class=\"size-medium wp-image-1628\" title=\"Les Picasso d'Arles et l'invitation \u00e0 Christian Lacroix au Mus\u00e9e R\u00e9attu d'Arles jusqu'au 31\/12\/2012\" src=\"http:\/\/www.tacoandco.fr\/wp-content\/uploads\/2012\/07\/IMG_1445-Copier-200x300.jpg\" alt=\"Les Picasso d'Arles et l'invitation \u00e0 Christian Lacroix au Mus\u00e9e R\u00e9attu d'Arles jusqu'au 31\/12\/2012\" width=\"200\" height=\"300\" srcset=\"https:\/\/www.tacoandco.fr\/wp-content\/uploads\/2012\/07\/IMG_1445-Copier-200x300.jpg 200w, https:\/\/www.tacoandco.fr\/wp-content\/uploads\/2012\/07\/IMG_1445-Copier.jpg 400w\" sizes=\"(max-width: 200px) 100vw, 200px\" \/><\/a><figcaption id=\"caption-attachment-1628\" class=\"wp-caption-text\">Les Picasso d&rsquo;Arles et l&rsquo;invitation \u00e0 Christian Lacroix au Mus\u00e9e R\u00e9attu d&rsquo;Arles jusqu&rsquo;au 31\/12\/2012<\/figcaption><\/figure>\n<p>&nbsp;<\/p>","protected":false},"excerpt":{"rendered":"<p>Taco and Co vous invite \u00e0 d\u00e9couvrir la rencontre entre Picasso et Christian Lacroix \u00e0 travers l&rsquo; exposition Acte V \u00a0sc\u00e8ne 2 et 3 au Mus\u00e9e R\u00e9attu d&rsquo;Arles. Venez nombreux d\u00e9couvrir cette rencontre haut en couleur qui se terminera le 31 D\u00e9cembre 2012. Pour plus d&rsquo;informations:http:\/\/www.museereattu.arles.fr\u00a0 &nbsp; &nbsp;<\/p>","protected":false},"author":2,"featured_media":1628,"comment_status":"closed","ping_status":"closed","sticky":false,"template":"","format":"standard","meta":{"footnotes":""},"categories":[4,3],"tags":[],"class_list":["post-1625","post","type-post","status-publish","format-standard","has-post-thumbnail","hentry","category-accueil","category-actualites","entry","has-media"],"aioseo_notices":[],"_links":{"self":[{"href":"https:\/\/www.tacoandco.fr\/en\/wp-json\/wp\/v2\/posts\/1625","targetHints":{"allow":["GET"]}}],"collection":[{"href":"https:\/\/www.tacoandco.fr\/en\/wp-json\/wp\/v2\/posts"}],"about":[{"href":"https:\/\/www.tacoandco.fr\/en\/wp-json\/wp\/v2\/types\/post"}],"author":[{"embeddable":true,"href":"https:\/\/www.tacoandco.fr\/en\/wp-json\/wp\/v2\/users\/2"}],"replies":[{"embeddable":true,"href":"https:\/\/www.tacoandco.fr\/en\/wp-json\/wp\/v2\/comments?post=1625"}],"version-history":[{"count":0,"href":"https:\/\/www.tacoandco.fr\/en\/wp-json\/wp\/v2\/posts\/1625\/revisions"}],"wp:featuredmedia":[{"embeddable":true,"href":"https:\/\/www.tacoandco.fr\/en\/wp-json\/wp\/v2\/media\/1628"}],"wp:attachment":[{"href":"https:\/\/www.tacoandco.fr\/en\/wp-json\/wp\/v2\/media?parent=1625"}],"wp:term":[{"taxonomy":"category","embeddable":true,"href":"https:\/\/www.tacoandco.fr\/en\/wp-json\/wp\/v2\/categories?post=1625"},{"taxonomy":"post_tag","embeddable":true,"href":"https:\/\/www.tacoandco.fr\/en\/wp-json\/wp\/v2\/tags?post=1625"}],"curies":[{"name":"wp","href":"https:\/\/api.w.org\/{rel}","templated":true}]}}