{"id":1660,"date":"2012-08-18T15:04:27","date_gmt":"2012-08-18T15:04:27","guid":{"rendered":"http:\/\/www.tacoandco.fr\/?p=1660"},"modified":"2012-08-18T15:06:21","modified_gmt":"2012-08-18T15:06:21","slug":"6eme-edition-du-festival-arelate-journees-romaines-darles-du-18-au-24-aout-2012","status":"publish","type":"post","link":"https:\/\/www.tacoandco.fr\/en\/blog\/2012\/08\/18\/6eme-edition-du-festival-arelate-journees-romaines-darles-du-18-au-24-aout-2012\/","title":{"rendered":"6\u00e9me \u00e9dition du festival \u00ab\u00a0Arelate, journ\u00e9es Romaines d&rsquo;Arles\u00a0\u00bb du 18 au 24 Ao\u00fbt 2012."},"content":{"rendered":"<p>Arles redevient Arelate \u00a0du 18 au 24 Ao\u00fbt 2012 pour la 6\u00e9me \u00e9dition du festival\u00a0\u00bbArelate, journ\u00e9es Romaines d&rsquo;Arles\u00a0\u00bb.<\/p>\n<p>Les associations \u00ab\u00a0Arelate\u00a0\u00bb et \u00ab\u00a0Peplum\u00a0\u00bb ainsi que Taco and Co vous invitent \u00e0 venir\u00a0\u00a0nombreux et en famille \u00e0 la d\u00e9couverte du monde Romain.<\/p>\n<p>De nombreuses activit\u00e9s et spectacles vous seront propos\u00e9s toute cette semaine \u00a0avec des d\u00e9fil\u00e9s romains dans les rues d&rsquo;Arles, \u00a0des d\u00e9monstrations de gladiateurs, \u00a0les grands jeux du cirque dans\u00a0l\u2019amphith\u00e9\u00e2tre \u00a0ou encore la projection de plusieurs \u00a0Peplums au\u00a0th\u00e9\u00e2tre\u00a0Antique dans le cadre du festival du film Peplum.<\/p>\n<p>Pour plus d&rsquo;informations:\u00a0<a href=\"http:\/\/festival-arelate.com\/\">http:\/\/festival-arelate.com<\/a><\/p>\n<figure id=\"attachment_1662\" aria-describedby=\"caption-attachment-1662\" style=\"width: 200px\" class=\"wp-caption aligncenter\"><a href=\"http:\/\/www.tacoandco.fr\/wp-content\/uploads\/2012\/08\/Arelatepeplum.jpg\"><img fetchpriority=\"high\" decoding=\"async\" class=\"size-medium wp-image-1662\" title=\"Arelate et Peplum 2012\" src=\"http:\/\/www.tacoandco.fr\/wp-content\/uploads\/2012\/08\/Arelatepeplum-200x300.jpg\" alt=\"Arelate et Peplum 2012\" width=\"200\" height=\"300\" srcset=\"https:\/\/www.tacoandco.fr\/wp-content\/uploads\/2012\/08\/Arelatepeplum-200x300.jpg 200w, https:\/\/www.tacoandco.fr\/wp-content\/uploads\/2012\/08\/Arelatepeplum.jpg 400w\" sizes=\"(max-width: 200px) 100vw, 200px\" \/><\/a><figcaption id=\"caption-attachment-1662\" class=\"wp-caption-text\">Festival Arelate et Festival du film peplum 2012<\/figcaption><\/figure>\n<figure id=\"attachment_1663\" aria-describedby=\"caption-attachment-1663\" style=\"width: 182px\" class=\"wp-caption aligncenter\"><a href=\"http:\/\/www.tacoandco.fr\/wp-content\/uploads\/2012\/08\/images1.jpg\"><img decoding=\"async\" class=\"size-full wp-image-1663\" title=\"Arelate, journ\u00e9es romaines d'Arles\" src=\"http:\/\/www.tacoandco.fr\/wp-content\/uploads\/2012\/08\/images1.jpg\" alt=\"Arelate, journ\u00e9es romaines d'Arles\" width=\"182\" height=\"277\" \/><\/a><figcaption id=\"caption-attachment-1663\" class=\"wp-caption-text\">Arelate, journ\u00e9es romaines d&rsquo;Arles<\/figcaption><\/figure>\n<figure id=\"attachment_1664\" aria-describedby=\"caption-attachment-1664\" style=\"width: 200px\" class=\"wp-caption aligncenter\"><a href=\"http:\/\/www.tacoandco.fr\/wp-content\/uploads\/2012\/08\/Peplum.jpg\"><img decoding=\"async\" class=\"size-medium wp-image-1664\" title=\"Peplum\" src=\"http:\/\/www.tacoandco.fr\/wp-content\/uploads\/2012\/08\/Peplum-200x300.jpg\" alt=\"Peplum\" width=\"200\" height=\"300\" srcset=\"https:\/\/www.tacoandco.fr\/wp-content\/uploads\/2012\/08\/Peplum-200x300.jpg 200w, https:\/\/www.tacoandco.fr\/wp-content\/uploads\/2012\/08\/Peplum.jpg 667w\" sizes=\"(max-width: 200px) 100vw, 200px\" \/><\/a><figcaption id=\"caption-attachment-1664\" class=\"wp-caption-text\">Festival du film Peplum 2012 \u00e0 Arles<\/figcaption><\/figure>","protected":false},"excerpt":{"rendered":"<p>Arles redevient Arelate \u00a0du 18 au 24 Ao\u00fbt 2012 pour la 6\u00e9me \u00e9dition du festival\u00a0\u00bbArelate, journ\u00e9es Romaines d&rsquo;Arles\u00a0\u00bb. Les associations \u00ab\u00a0Arelate\u00a0\u00bb et \u00ab\u00a0Peplum\u00a0\u00bb ainsi que Taco and Co vous invitent \u00e0 venir\u00a0\u00a0nombreux et en famille \u00e0 la d\u00e9couverte du monde Romain. De nombreuses activit\u00e9s et spectacles vous seront propos\u00e9s toute cette semaine \u00a0avec des d\u00e9fil\u00e9s [&hellip;]<\/p>","protected":false},"author":2,"featured_media":1666,"comment_status":"closed","ping_status":"closed","sticky":false,"template":"","format":"standard","meta":{"footnotes":""},"categories":[4,3],"tags":[],"class_list":["post-1660","post","type-post","status-publish","format-standard","has-post-thumbnail","hentry","category-accueil","category-actualites","entry","has-media"],"aioseo_notices":[],"_links":{"self":[{"href":"https:\/\/www.tacoandco.fr\/en\/wp-json\/wp\/v2\/posts\/1660","targetHints":{"allow":["GET"]}}],"collection":[{"href":"https:\/\/www.tacoandco.fr\/en\/wp-json\/wp\/v2\/posts"}],"about":[{"href":"https:\/\/www.tacoandco.fr\/en\/wp-json\/wp\/v2\/types\/post"}],"author":[{"embeddable":true,"href":"https:\/\/www.tacoandco.fr\/en\/wp-json\/wp\/v2\/users\/2"}],"replies":[{"embeddable":true,"href":"https:\/\/www.tacoandco.fr\/en\/wp-json\/wp\/v2\/comments?post=1660"}],"version-history":[{"count":0,"href":"https:\/\/www.tacoandco.fr\/en\/wp-json\/wp\/v2\/posts\/1660\/revisions"}],"wp:featuredmedia":[{"embeddable":true,"href":"https:\/\/www.tacoandco.fr\/en\/wp-json\/wp\/v2\/media\/1666"}],"wp:attachment":[{"href":"https:\/\/www.tacoandco.fr\/en\/wp-json\/wp\/v2\/media?parent=1660"}],"wp:term":[{"taxonomy":"category","embeddable":true,"href":"https:\/\/www.tacoandco.fr\/en\/wp-json\/wp\/v2\/categories?post=1660"},{"taxonomy":"post_tag","embeddable":true,"href":"https:\/\/www.tacoandco.fr\/en\/wp-json\/wp\/v2\/tags?post=1660"}],"curies":[{"name":"wp","href":"https:\/\/api.w.org\/{rel}","templated":true}]}}