{"id":1668,"date":"2012-08-18T15:22:33","date_gmt":"2012-08-18T15:22:33","guid":{"rendered":"http:\/\/www.tacoandco.fr\/?p=1668"},"modified":"2012-08-18T15:23:37","modified_gmt":"2012-08-18T15:23:37","slug":"festival-du-film-peplum-du-20-au-24-aout-2012-au-theatre-dantique-darles","status":"publish","type":"post","link":"https:\/\/www.tacoandco.fr\/en\/blog\/2012\/08\/18\/festival-du-film-peplum-du-20-au-24-aout-2012-au-theatre-dantique-darles\/","title":{"rendered":"Festival du film P\u00e9plum du 20 au 24 Ao\u00fbt 2012 au th\u00e9\u00e2tre d&rsquo;Antique d&rsquo;Arles."},"content":{"rendered":"<p>La 25\u00e8me \u00e9dition du f\u00e9stival du film p\u00e9plum aura lieu du 20 au 24 Ao\u00fbt 2012 au\u00a0th\u00e9\u00e2tre\u00a0Antique d&rsquo;Arles.<\/p>\n<p>En\u00a0parall\u00e8le\u00a0du festival \u00ab\u00a0Arelate, journ\u00e9es romaines d&rsquo;Arles\u00a0\u00bb, \u00a0l&rsquo;association \u00ab\u00a0P\u00e9plum\u00a0\u00bb \u00a0a pr\u00e9vu pour les 25 ans de son festival\u00a0une programmation particuli\u00e8rement choisie avec notamment:<\/p>\n<p>Centurion(2010), \u00a0Troie(2004), Ben Hur (1959) ou encore Ast\u00e9rix et Ob\u00e9lix: Mission Cl\u00e9opatre (2001).<\/p>\n<p>A noter la soir\u00e9e\u00a0exceptionnelle\u00a0du mercredi 22 avec la projection du film\/op\u00e9ra \u00ab\u00a0Titan\u00a0\u00bb datant de 1962.<\/p>\n<p>Projections \u00e0 partir de 21 heures, venez nombreux!!!<\/p>\n<figure id=\"attachment_1662\" aria-describedby=\"caption-attachment-1662\" style=\"width: 200px\" class=\"wp-caption aligncenter\"><a href=\"http:\/\/www.tacoandco.fr\/wp-content\/uploads\/2012\/08\/Arelatepeplum.jpg\"><img fetchpriority=\"high\" decoding=\"async\" class=\"size-medium wp-image-1662\" title=\"Arelate et Peplum 2012\" src=\"http:\/\/www.tacoandco.fr\/wp-content\/uploads\/2012\/08\/Arelatepeplum-200x300.jpg\" alt=\"Arelate et Peplum 2012\" width=\"200\" height=\"300\" srcset=\"https:\/\/www.tacoandco.fr\/wp-content\/uploads\/2012\/08\/Arelatepeplum-200x300.jpg 200w, https:\/\/www.tacoandco.fr\/wp-content\/uploads\/2012\/08\/Arelatepeplum.jpg 400w\" sizes=\"(max-width: 200px) 100vw, 200px\" \/><\/a><figcaption id=\"caption-attachment-1662\" class=\"wp-caption-text\">Festival Arelate et Festival du film peplum 2012<\/figcaption><\/figure>\n<figure id=\"attachment_1664\" aria-describedby=\"caption-attachment-1664\" style=\"width: 200px\" class=\"wp-caption aligncenter\"><a href=\"http:\/\/www.tacoandco.fr\/wp-content\/uploads\/2012\/08\/Peplum.jpg\"><img decoding=\"async\" class=\"size-medium wp-image-1664\" title=\"Peplum\" src=\"http:\/\/www.tacoandco.fr\/wp-content\/uploads\/2012\/08\/Peplum-200x300.jpg\" alt=\"Peplum\" width=\"200\" height=\"300\" srcset=\"https:\/\/www.tacoandco.fr\/wp-content\/uploads\/2012\/08\/Peplum-200x300.jpg 200w, https:\/\/www.tacoandco.fr\/wp-content\/uploads\/2012\/08\/Peplum.jpg 667w\" sizes=\"(max-width: 200px) 100vw, 200px\" \/><\/a><figcaption id=\"caption-attachment-1664\" class=\"wp-caption-text\">Festival du film Peplum 2012 \u00e0 Arles<\/figcaption><\/figure>\n<p>&nbsp;<\/p>\n<p>&nbsp;<\/p>","protected":false},"excerpt":{"rendered":"<p>La 25\u00e8me \u00e9dition du f\u00e9stival du film p\u00e9plum aura lieu du 20 au 24 Ao\u00fbt 2012 au\u00a0th\u00e9\u00e2tre\u00a0Antique d&rsquo;Arles. En\u00a0parall\u00e8le\u00a0du festival \u00ab\u00a0Arelate, journ\u00e9es romaines d&rsquo;Arles\u00a0\u00bb, \u00a0l&rsquo;association \u00ab\u00a0P\u00e9plum\u00a0\u00bb \u00a0a pr\u00e9vu pour les 25 ans de son festival\u00a0une programmation particuli\u00e8rement choisie avec notamment: Centurion(2010), \u00a0Troie(2004), Ben Hur (1959) ou encore Ast\u00e9rix et Ob\u00e9lix: Mission Cl\u00e9opatre (2001). A noter [&hellip;]<\/p>","protected":false},"author":2,"featured_media":1664,"comment_status":"closed","ping_status":"closed","sticky":false,"template":"","format":"standard","meta":{"footnotes":""},"categories":[4,3],"tags":[],"class_list":["post-1668","post","type-post","status-publish","format-standard","has-post-thumbnail","hentry","category-accueil","category-actualites","entry","has-media"],"aioseo_notices":[],"_links":{"self":[{"href":"https:\/\/www.tacoandco.fr\/en\/wp-json\/wp\/v2\/posts\/1668","targetHints":{"allow":["GET"]}}],"collection":[{"href":"https:\/\/www.tacoandco.fr\/en\/wp-json\/wp\/v2\/posts"}],"about":[{"href":"https:\/\/www.tacoandco.fr\/en\/wp-json\/wp\/v2\/types\/post"}],"author":[{"embeddable":true,"href":"https:\/\/www.tacoandco.fr\/en\/wp-json\/wp\/v2\/users\/2"}],"replies":[{"embeddable":true,"href":"https:\/\/www.tacoandco.fr\/en\/wp-json\/wp\/v2\/comments?post=1668"}],"version-history":[{"count":0,"href":"https:\/\/www.tacoandco.fr\/en\/wp-json\/wp\/v2\/posts\/1668\/revisions"}],"wp:featuredmedia":[{"embeddable":true,"href":"https:\/\/www.tacoandco.fr\/en\/wp-json\/wp\/v2\/media\/1664"}],"wp:attachment":[{"href":"https:\/\/www.tacoandco.fr\/en\/wp-json\/wp\/v2\/media?parent=1668"}],"wp:term":[{"taxonomy":"category","embeddable":true,"href":"https:\/\/www.tacoandco.fr\/en\/wp-json\/wp\/v2\/categories?post=1668"},{"taxonomy":"post_tag","embeddable":true,"href":"https:\/\/www.tacoandco.fr\/en\/wp-json\/wp\/v2\/tags?post=1668"}],"curies":[{"name":"wp","href":"https:\/\/api.w.org\/{rel}","templated":true}]}}