{"id":1705,"date":"2012-08-27T13:06:37","date_gmt":"2012-08-27T13:06:37","guid":{"rendered":"http:\/\/www.tacoandco.fr\/?p=1705"},"modified":"2012-08-27T14:09:17","modified_gmt":"2012-08-27T14:09:17","slug":"feria-du-riz-camargue-gourmande-et-festival-du-cheval-du-7-au-9-septembre-2012-a-arles","status":"publish","type":"post","link":"https:\/\/www.tacoandco.fr\/en\/blog\/2012\/08\/27\/feria-du-riz-camargue-gourmande-et-festival-du-cheval-du-7-au-9-septembre-2012-a-arles\/","title":{"rendered":"F\u00e9ria du riz, Camargue Gourmande et Festival du cheval du 7 au 9 Septembre 2012 \u00e0 Arles."},"content":{"rendered":"<p>A l&rsquo;occasion de la F\u00e9ria du Riz qui aura lieu du 7 au 9 Septembre 2012 \u00e0 Arles,\u00a0\u00a0l&rsquo;office du tourisme d&rsquo;Arles organise le Festival du cheval \u00a0ainsi que \u00a0\u00bb Camargue Gourmande\u00a0\u00bb.<\/p>\n<p>Pendant ces trois jours de f\u00eate, les producteurs, riziculteurs et autres artisants se retrouveront sur la place de la R\u00e9publique pour vous faire d\u00e9couvrir les produits locaux et artisanaux de la r\u00e9gion.<\/p>\n<p>Les chevaux, \u00e9leveurs \u00a0et centre \u00e9questres seront quant \u00e0 eux install\u00e9s sur la Place de la Major au \u00ab\u00a0village du cheval\u00a0\u00bb.<\/p>\n<p>De nombreuses d\u00e9monstrations vous seront propos\u00e9es de 10h \u00e0 20h.<\/p>\n<p>Pour plus d&rsquo;informations sur le festival du cheval et Camargue Gourmande \u00e0 Arles:www.arlestourisme.com<\/p>\n<figure id=\"attachment_1706\" aria-describedby=\"caption-attachment-1706\" style=\"width: 200px\" class=\"wp-caption aligncenter\"><a href=\"http:\/\/www.tacoandco.fr\/wp-content\/uploads\/2012\/08\/IMG_1763-Copier.jpg\"><img fetchpriority=\"high\" decoding=\"async\" class=\"size-medium wp-image-1706\" title=\"F\u00e9ria du riz, Camargue Gourmande et festival du cheval 2012 \u00e0 ,Arles\" src=\"http:\/\/www.tacoandco.fr\/wp-content\/uploads\/2012\/08\/IMG_1763-Copier-200x300.jpg\" alt=\"F\u00e9ria du riz, Camargue Gourmande et festival du cheval 2012 \u00e0 ,Arles\" width=\"200\" height=\"300\" srcset=\"https:\/\/www.tacoandco.fr\/wp-content\/uploads\/2012\/08\/IMG_1763-Copier-200x300.jpg 200w, https:\/\/www.tacoandco.fr\/wp-content\/uploads\/2012\/08\/IMG_1763-Copier.jpg 400w\" sizes=\"(max-width: 200px) 100vw, 200px\" \/><\/a><figcaption id=\"caption-attachment-1706\" class=\"wp-caption-text\">F\u00e9ria du riz, Camargue Gourmande et Festival du cheval \u00a0\u00e0 Arles du 7 au 9 Septembre 2012<\/figcaption><\/figure>","protected":false},"excerpt":{"rendered":"<p>A l&rsquo;occasion de la F\u00e9ria du Riz qui aura lieu du 7 au 9 Septembre 2012 \u00e0 Arles,\u00a0\u00a0l&rsquo;office du tourisme d&rsquo;Arles organise le Festival du cheval \u00a0ainsi que \u00a0\u00bb Camargue Gourmande\u00a0\u00bb. Pendant ces trois jours de f\u00eate, les producteurs, riziculteurs et autres artisants se retrouveront sur la place de la R\u00e9publique pour vous faire d\u00e9couvrir [&hellip;]<\/p>","protected":false},"author":2,"featured_media":1707,"comment_status":"closed","ping_status":"closed","sticky":false,"template":"","format":"standard","meta":{"footnotes":""},"categories":[4,3],"tags":[],"class_list":["post-1705","post","type-post","status-publish","format-standard","has-post-thumbnail","hentry","category-accueil","category-actualites","entry","has-media"],"aioseo_notices":[],"_links":{"self":[{"href":"https:\/\/www.tacoandco.fr\/en\/wp-json\/wp\/v2\/posts\/1705","targetHints":{"allow":["GET"]}}],"collection":[{"href":"https:\/\/www.tacoandco.fr\/en\/wp-json\/wp\/v2\/posts"}],"about":[{"href":"https:\/\/www.tacoandco.fr\/en\/wp-json\/wp\/v2\/types\/post"}],"author":[{"embeddable":true,"href":"https:\/\/www.tacoandco.fr\/en\/wp-json\/wp\/v2\/users\/2"}],"replies":[{"embeddable":true,"href":"https:\/\/www.tacoandco.fr\/en\/wp-json\/wp\/v2\/comments?post=1705"}],"version-history":[{"count":0,"href":"https:\/\/www.tacoandco.fr\/en\/wp-json\/wp\/v2\/posts\/1705\/revisions"}],"wp:featuredmedia":[{"embeddable":true,"href":"https:\/\/www.tacoandco.fr\/en\/wp-json\/wp\/v2\/media\/1707"}],"wp:attachment":[{"href":"https:\/\/www.tacoandco.fr\/en\/wp-json\/wp\/v2\/media?parent=1705"}],"wp:term":[{"taxonomy":"category","embeddable":true,"href":"https:\/\/www.tacoandco.fr\/en\/wp-json\/wp\/v2\/categories?post=1705"},{"taxonomy":"post_tag","embeddable":true,"href":"https:\/\/www.tacoandco.fr\/en\/wp-json\/wp\/v2\/tags?post=1705"}],"curies":[{"name":"wp","href":"https:\/\/api.w.org\/{rel}","templated":true}]}}