{"id":1732,"date":"2012-09-19T05:50:48","date_gmt":"2012-09-19T05:50:48","guid":{"rendered":"http:\/\/www.tacoandco.fr\/?p=1732"},"modified":"2012-09-19T05:50:48","modified_gmt":"2012-09-19T05:50:48","slug":"taco-and-co-participe-a-la-semaine-de-la-mobilite-mercredi-19-septembre-a-arles","status":"publish","type":"post","link":"https:\/\/www.tacoandco.fr\/en\/blog\/2012\/09\/19\/taco-and-co-participe-a-la-semaine-de-la-mobilite-mercredi-19-septembre-a-arles\/","title":{"rendered":"Taco and co participe \u00e0 la semaine de la mobilit\u00e9, mercredi 19 Septembre \u00e0 Arles."},"content":{"rendered":"<p><strong>Mercredi 19 septembre\u00a0Taco and Co sera pr\u00e9sent avec un\u00a0stand d&rsquo;information\u00a0 sur la place de la R\u00e9publique de 9h \u00e0 17h pour la semaine europ\u00e9\u00e9enne de la mobilit\u00e9 et de la s\u00e9curit\u00e9 routi\u00e8re<\/strong><\/p>\n<p><strong>N&rsquo;h\u00e9sitez pas \u00e0 venir nous rencontrer et essayer nos v\u00e9los gratuitement.<\/strong><\/p>\n<figure id=\"attachment_1733\" aria-describedby=\"caption-attachment-1733\" style=\"width: 200px\" class=\"wp-caption aligncenter\"><a href=\"http:\/\/www.tacoandco.fr\/wp-content\/uploads\/2012\/09\/images.jpg\"><img decoding=\"async\" class=\"size-full wp-image-1733\" title=\"Semaine de la mobilit\u00e9 2012\" src=\"http:\/\/www.tacoandco.fr\/wp-content\/uploads\/2012\/09\/images.jpg\" alt=\"Semaine de la mobilit\u00e9 2012\" width=\"200\" height=\"200\" srcset=\"https:\/\/www.tacoandco.fr\/wp-content\/uploads\/2012\/09\/images.jpg 200w, https:\/\/www.tacoandco.fr\/wp-content\/uploads\/2012\/09\/images-150x150.jpg 150w, https:\/\/www.tacoandco.fr\/wp-content\/uploads\/2012\/09\/images-30x30.jpg 30w, https:\/\/www.tacoandco.fr\/wp-content\/uploads\/2012\/09\/images-84x84.jpg 84w, https:\/\/www.tacoandco.fr\/wp-content\/uploads\/2012\/09\/images-185x185.jpg 185w\" sizes=\"(max-width: 200px) 100vw, 200px\" \/><\/a><figcaption id=\"caption-attachment-1733\" class=\"wp-caption-text\">Semaine de la mobilit\u00e9 2012<\/figcaption><\/figure>","protected":false},"excerpt":{"rendered":"<p>Mercredi 19 septembre\u00a0Taco and Co sera pr\u00e9sent avec un\u00a0stand d&rsquo;information\u00a0 sur la place de la R\u00e9publique de 9h \u00e0 17h pour la semaine europ\u00e9\u00e9enne de la mobilit\u00e9 et de la s\u00e9curit\u00e9 routi\u00e8re N&rsquo;h\u00e9sitez pas \u00e0 venir nous rencontrer et essayer nos v\u00e9los gratuitement.<\/p>","protected":false},"author":2,"featured_media":1733,"comment_status":"closed","ping_status":"closed","sticky":false,"template":"","format":"standard","meta":{"footnotes":""},"categories":[4,3],"tags":[],"class_list":["post-1732","post","type-post","status-publish","format-standard","has-post-thumbnail","hentry","category-accueil","category-actualites","entry","has-media"],"aioseo_notices":[],"_links":{"self":[{"href":"https:\/\/www.tacoandco.fr\/en\/wp-json\/wp\/v2\/posts\/1732","targetHints":{"allow":["GET"]}}],"collection":[{"href":"https:\/\/www.tacoandco.fr\/en\/wp-json\/wp\/v2\/posts"}],"about":[{"href":"https:\/\/www.tacoandco.fr\/en\/wp-json\/wp\/v2\/types\/post"}],"author":[{"embeddable":true,"href":"https:\/\/www.tacoandco.fr\/en\/wp-json\/wp\/v2\/users\/2"}],"replies":[{"embeddable":true,"href":"https:\/\/www.tacoandco.fr\/en\/wp-json\/wp\/v2\/comments?post=1732"}],"version-history":[{"count":0,"href":"https:\/\/www.tacoandco.fr\/en\/wp-json\/wp\/v2\/posts\/1732\/revisions"}],"wp:featuredmedia":[{"embeddable":true,"href":"https:\/\/www.tacoandco.fr\/en\/wp-json\/wp\/v2\/media\/1733"}],"wp:attachment":[{"href":"https:\/\/www.tacoandco.fr\/en\/wp-json\/wp\/v2\/media?parent=1732"}],"wp:term":[{"taxonomy":"category","embeddable":true,"href":"https:\/\/www.tacoandco.fr\/en\/wp-json\/wp\/v2\/categories?post=1732"},{"taxonomy":"post_tag","embeddable":true,"href":"https:\/\/www.tacoandco.fr\/en\/wp-json\/wp\/v2\/tags?post=1732"}],"curies":[{"name":"wp","href":"https:\/\/api.w.org\/{rel}","templated":true}]}}