{"id":179,"date":"2010-03-24T14:09:16","date_gmt":"2010-03-24T14:09:16","guid":{"rendered":"http:\/\/www.tacoandco.fr\/?p=179"},"modified":"2010-03-24T19:01:41","modified_gmt":"2010-03-24T19:01:41","slug":"election-arles-2010-le-velo-taco-sur-bfm-tv","status":"publish","type":"post","link":"https:\/\/www.tacoandco.fr\/en\/blog\/2010\/03\/24\/election-arles-2010-le-velo-taco-sur-bfm-tv\/","title":{"rendered":"Election Arles 2010 : Le v\u00e9lo-taco sur BFM tv !"},"content":{"rendered":"<p>Election Arles 2010 : votre v\u00e9lo-taco passe sur BFM tv !<\/p>\n<p>Voici la vid\u00e9o du v\u00e9lo-taco arl\u00e9sien, facilitateur de l&rsquo;acte citoyen : le vote !<\/p>\n<p>La premi\u00e8re interview et m\u00eame pas essouffl\u00e9..<\/p>\n<p><object id=\"iLyROoafvefm\" classid=\"clsid:d27cdb6e-ae6d-11cf-96b8-444553540000\" width=\"500\" height=\"310\" codebase=\"http:\/\/download.macromedia.com\/pub\/shockwave\/cabs\/flash\/swflash.cab#version=6,0,40,0\"><param name=\"wmode\" value=\"transparent\" \/><param name=\"data\" value=\"http:\/\/sa.kewego.com\/swf\/p3\/epix.swf\" \/><param name=\"flashVars\" value=\"language_code=fr&amp;playerKey=f134f47501c8&amp;skinKey=&amp;sig=iLyROoafvefm&amp;autostart=true&amp;advertise=1\" \/><param name=\"allowFullScreen\" value=\"true\" \/><param name=\"allowscriptaccess\" value=\"always\" \/><param name=\"src\" value=\"http:\/\/sa.kewego.com\/swf\/p3\/epix.swf\" \/><param name=\"flashvars\" value=\"language_code=fr&amp;playerKey=f134f47501c8&amp;skinKey=&amp;sig=iLyROoafvefm&amp;autostart=true&amp;\" \/><param name=\"allowfullscreen\" value=\"true\" \/><embed id=\"iLyROoafvefm\" type=\"application\/x-shockwave-flash\" width=\"500\" height=\"310\" src=\"http:\/\/sa.kewego.com\/swf\/p3\/epix.swf\" allowscriptaccess=\"always\" allowfullscreen=\"true\" flashvars=\"language_code=fr&amp;playerKey=f134f47501c8&amp;skinKey=&amp;sig=iLyROoafvefm&amp;autostart=true&amp;\" data=\"http:\/\/sa.kewego.com\/swf\/p3\/epix.swf\" wmode=\"transparent\"><\/embed><\/object><\/p>\n<p><!--cforms name=\"Contact\"--><\/p>","protected":false},"excerpt":{"rendered":"<p>Election Arles 2010 : votre v\u00e9lo-taco passe sur BFM tv ! Voici la vid\u00e9o du v\u00e9lo-taco arl\u00e9sien, facilitateur de l&rsquo;acte citoyen : le vote ! La premi\u00e8re interview et m\u00eame pas essouffl\u00e9..<\/p>","protected":false},"author":3,"featured_media":184,"comment_status":"closed","ping_status":"closed","sticky":false,"template":"","format":"standard","meta":{"footnotes":""},"categories":[4,3,6,7],"tags":[],"class_list":["post-179","post","type-post","status-publish","format-standard","has-post-thumbnail","hentry","category-accueil","category-actualites","category-presse","category-presse-video","entry","has-media"],"aioseo_notices":[],"_links":{"self":[{"href":"https:\/\/www.tacoandco.fr\/en\/wp-json\/wp\/v2\/posts\/179","targetHints":{"allow":["GET"]}}],"collection":[{"href":"https:\/\/www.tacoandco.fr\/en\/wp-json\/wp\/v2\/posts"}],"about":[{"href":"https:\/\/www.tacoandco.fr\/en\/wp-json\/wp\/v2\/types\/post"}],"author":[{"embeddable":true,"href":"https:\/\/www.tacoandco.fr\/en\/wp-json\/wp\/v2\/users\/3"}],"replies":[{"embeddable":true,"href":"https:\/\/www.tacoandco.fr\/en\/wp-json\/wp\/v2\/comments?post=179"}],"version-history":[{"count":0,"href":"https:\/\/www.tacoandco.fr\/en\/wp-json\/wp\/v2\/posts\/179\/revisions"}],"wp:featuredmedia":[{"embeddable":true,"href":"https:\/\/www.tacoandco.fr\/en\/wp-json\/wp\/v2\/media\/184"}],"wp:attachment":[{"href":"https:\/\/www.tacoandco.fr\/en\/wp-json\/wp\/v2\/media?parent=179"}],"wp:term":[{"taxonomy":"category","embeddable":true,"href":"https:\/\/www.tacoandco.fr\/en\/wp-json\/wp\/v2\/categories?post=179"},{"taxonomy":"post_tag","embeddable":true,"href":"https:\/\/www.tacoandco.fr\/en\/wp-json\/wp\/v2\/tags?post=179"}],"curies":[{"name":"wp","href":"https:\/\/api.w.org\/{rel}","templated":true}]}}