{"id":1931,"date":"2012-11-30T11:26:22","date_gmt":"2012-11-30T11:26:22","guid":{"rendered":"http:\/\/www.tacoandco.fr\/?p=1931"},"modified":"2012-11-30T11:26:22","modified_gmt":"2012-11-30T11:26:22","slug":"la-fete-de-lhuile-nouvelle-les-1er-et-2-decembre-2012-a-fontvieille","status":"publish","type":"post","link":"https:\/\/www.tacoandco.fr\/en\/blog\/2012\/11\/30\/la-fete-de-lhuile-nouvelle-les-1er-et-2-decembre-2012-a-fontvieille\/","title":{"rendered":"La f\u00eate de l&rsquo;huile nouvelle les 1er et 2 d\u00e9cembre 2012 \u00e0 Fontvieille"},"content":{"rendered":"<p>La f\u00eate de l&rsquo;huile nouvelle des Mouliniers de la vall\u00e9e des Baux, c&rsquo;est ce week end, samedi 1er et dimanche 2 D\u00e9cembre 2012 \u00e0 Fontvieille.<\/p>\n<p>De 9h \u00e0 19h30, les Mouliniers et \u00a0les chefs \u00e9toil\u00e9s vous\u00a0accueillent\u00a0salle Etienne Moulin pour deux jours de d\u00e9gustations et de d\u00e9monstrations.<\/p>\n<p>A ne pas manquer&#8230;&#8230;<\/p>\n<figure id=\"attachment_1932\" aria-describedby=\"caption-attachment-1932\" style=\"width: 200px\" class=\"wp-caption aligncenter\"><a href=\"http:\/\/www.tacoandco.fr\/wp-content\/uploads\/2012\/11\/IMG_2228-Copier.jpg\"><img fetchpriority=\"high\" decoding=\"async\" class=\"size-medium wp-image-1932\" src=\"http:\/\/www.tacoandco.fr\/wp-content\/uploads\/2012\/11\/IMG_2228-Copier-200x300.jpg\" alt=\"F\u00eate de l'huile nouvelle \u00e0 Fontvieille\" width=\"200\" height=\"300\" srcset=\"https:\/\/www.tacoandco.fr\/wp-content\/uploads\/2012\/11\/IMG_2228-Copier-200x300.jpg 200w, https:\/\/www.tacoandco.fr\/wp-content\/uploads\/2012\/11\/IMG_2228-Copier.jpg 400w\" sizes=\"(max-width: 200px) 100vw, 200px\" \/><\/a><figcaption id=\"caption-attachment-1932\" class=\"wp-caption-text\">F\u00eate de l&rsquo;huile nouvelle \u00e0 Fontvieille<\/figcaption><\/figure>\n<p>&nbsp;<\/p>","protected":false},"excerpt":{"rendered":"<p>La f\u00eate de l&rsquo;huile nouvelle des Mouliniers de la vall\u00e9e des Baux, c&rsquo;est ce week end, samedi 1er et dimanche 2 D\u00e9cembre 2012 \u00e0 Fontvieille. De 9h \u00e0 19h30, les Mouliniers et \u00a0les chefs \u00e9toil\u00e9s vous\u00a0accueillent\u00a0salle Etienne Moulin pour deux jours de d\u00e9gustations et de d\u00e9monstrations. A ne pas manquer&#8230;&#8230; &nbsp;<\/p>","protected":false},"author":2,"featured_media":1932,"comment_status":"closed","ping_status":"closed","sticky":false,"template":"","format":"standard","meta":{"footnotes":""},"categories":[4,3],"tags":[],"class_list":["post-1931","post","type-post","status-publish","format-standard","has-post-thumbnail","hentry","category-accueil","category-actualites","entry","has-media"],"aioseo_notices":[],"_links":{"self":[{"href":"https:\/\/www.tacoandco.fr\/en\/wp-json\/wp\/v2\/posts\/1931","targetHints":{"allow":["GET"]}}],"collection":[{"href":"https:\/\/www.tacoandco.fr\/en\/wp-json\/wp\/v2\/posts"}],"about":[{"href":"https:\/\/www.tacoandco.fr\/en\/wp-json\/wp\/v2\/types\/post"}],"author":[{"embeddable":true,"href":"https:\/\/www.tacoandco.fr\/en\/wp-json\/wp\/v2\/users\/2"}],"replies":[{"embeddable":true,"href":"https:\/\/www.tacoandco.fr\/en\/wp-json\/wp\/v2\/comments?post=1931"}],"version-history":[{"count":0,"href":"https:\/\/www.tacoandco.fr\/en\/wp-json\/wp\/v2\/posts\/1931\/revisions"}],"wp:featuredmedia":[{"embeddable":true,"href":"https:\/\/www.tacoandco.fr\/en\/wp-json\/wp\/v2\/media\/1932"}],"wp:attachment":[{"href":"https:\/\/www.tacoandco.fr\/en\/wp-json\/wp\/v2\/media?parent=1931"}],"wp:term":[{"taxonomy":"category","embeddable":true,"href":"https:\/\/www.tacoandco.fr\/en\/wp-json\/wp\/v2\/categories?post=1931"},{"taxonomy":"post_tag","embeddable":true,"href":"https:\/\/www.tacoandco.fr\/en\/wp-json\/wp\/v2\/tags?post=1931"}],"curies":[{"name":"wp","href":"https:\/\/api.w.org\/{rel}","templated":true}]}}