{"id":1940,"date":"2012-11-30T14:35:36","date_gmt":"2012-11-30T14:35:36","guid":{"rendered":"http:\/\/www.tacoandco.fr\/?p=1940"},"modified":"2012-11-30T14:35:36","modified_gmt":"2012-11-30T14:35:36","slug":"communication-eco-responsable-sur-arles-pour-annoncer-provence-prestige-2012","status":"publish","type":"post","link":"https:\/\/www.tacoandco.fr\/en\/blog\/2012\/11\/30\/communication-eco-responsable-sur-arles-pour-annoncer-provence-prestige-2012\/","title":{"rendered":"Communication \u00e9co-responsable sur Arles pour annoncer Provence Prestige 2012"},"content":{"rendered":"<p>La CCI d&rsquo;Arles a opt\u00e9 pour une campagne\u00a0publicitaire\u00a0\u00e9co-responsable dans le centre d&rsquo;Arles pour annoncer son salon\u00a0\u00bbProvence prestige 2012.<\/p>\n<p>Pour la 2\u00e9me ann\u00e9e cons\u00e9cutive, la chambre de commerce et d&rsquo;industrie a choisit Taco and Co \u00a0pour effectuer sa campagne de communication dans le centre d&rsquo;Arles.<\/p>\n<p>Merci \u00e0 eux.<\/p>\n<figure id=\"attachment_1802\" aria-describedby=\"caption-attachment-1802\" style=\"width: 300px\" class=\"wp-caption aligncenter\"><a href=\"http:\/\/www.tacoandco.fr\/wp-content\/uploads\/2012\/11\/IMG_2070-Copier.jpg\"><img fetchpriority=\"high\" decoding=\"async\" class=\"size-medium wp-image-1802\" src=\"http:\/\/www.tacoandco.fr\/wp-content\/uploads\/2012\/11\/IMG_2070-Copier-300x199.jpg\" alt=\"Provence Prestige 2012 \u00e0 Arles\" width=\"300\" height=\"199\" srcset=\"https:\/\/www.tacoandco.fr\/wp-content\/uploads\/2012\/11\/IMG_2070-Copier-300x199.jpg 300w, https:\/\/www.tacoandco.fr\/wp-content\/uploads\/2012\/11\/IMG_2070-Copier.jpg 800w\" sizes=\"(max-width: 300px) 100vw, 300px\" \/><\/a><figcaption id=\"caption-attachment-1802\" class=\"wp-caption-text\">Provence Prestige 2012 \u00e0 Arles<\/figcaption><\/figure>","protected":false},"excerpt":{"rendered":"<p>La CCI d&rsquo;Arles a opt\u00e9 pour une campagne\u00a0publicitaire\u00a0\u00e9co-responsable dans le centre d&rsquo;Arles pour annoncer son salon\u00a0\u00bbProvence prestige 2012. Pour la 2\u00e9me ann\u00e9e cons\u00e9cutive, la chambre de commerce et d&rsquo;industrie a choisit Taco and Co \u00a0pour effectuer sa campagne de communication dans le centre d&rsquo;Arles. Merci \u00e0 eux.<\/p>","protected":false},"author":2,"featured_media":0,"comment_status":"closed","ping_status":"closed","sticky":false,"template":"","format":"standard","meta":{"footnotes":""},"categories":[11,10],"tags":[],"class_list":["post-1940","post","type-post","status-publish","format-standard","hentry","category-ilsnousontfaitconfiance","category-collectivites","entry"],"aioseo_notices":[],"_links":{"self":[{"href":"https:\/\/www.tacoandco.fr\/en\/wp-json\/wp\/v2\/posts\/1940","targetHints":{"allow":["GET"]}}],"collection":[{"href":"https:\/\/www.tacoandco.fr\/en\/wp-json\/wp\/v2\/posts"}],"about":[{"href":"https:\/\/www.tacoandco.fr\/en\/wp-json\/wp\/v2\/types\/post"}],"author":[{"embeddable":true,"href":"https:\/\/www.tacoandco.fr\/en\/wp-json\/wp\/v2\/users\/2"}],"replies":[{"embeddable":true,"href":"https:\/\/www.tacoandco.fr\/en\/wp-json\/wp\/v2\/comments?post=1940"}],"version-history":[{"count":0,"href":"https:\/\/www.tacoandco.fr\/en\/wp-json\/wp\/v2\/posts\/1940\/revisions"}],"wp:attachment":[{"href":"https:\/\/www.tacoandco.fr\/en\/wp-json\/wp\/v2\/media?parent=1940"}],"wp:term":[{"taxonomy":"category","embeddable":true,"href":"https:\/\/www.tacoandco.fr\/en\/wp-json\/wp\/v2\/categories?post=1940"},{"taxonomy":"post_tag","embeddable":true,"href":"https:\/\/www.tacoandco.fr\/en\/wp-json\/wp\/v2\/tags?post=1940"}],"curies":[{"name":"wp","href":"https:\/\/api.w.org\/{rel}","templated":true}]}}