{"id":2017,"date":"2012-12-19T14:30:15","date_gmt":"2012-12-19T14:30:15","guid":{"rendered":"http:\/\/www.tacoandco.fr\/?p=2017"},"modified":"2012-12-21T13:35:04","modified_gmt":"2012-12-21T13:35:04","slug":"marche-des-13-desserts-marche-17-24-decembre-10h-a-19h-place-francois-villon-les-allees-provencales-entree-libre","status":"publish","type":"post","link":"https:\/\/www.tacoandco.fr\/en\/blog\/2012\/12\/19\/marche-des-13-desserts-marche-17-24-decembre-10h-a-19h-place-francois-villon-les-allees-provencales-entree-libre\/","title":{"rendered":"March\u00e9 des 13 desserts March\u00e9 17 &#8211; 24 D\u00e9cembre | 10h \u00e0 19h | Place Fran\u00e7ois Villon, les all\u00e9es proven\u00e7ales | Entr\u00e9e libre |"},"content":{"rendered":"<p>March\u00e9 des 13 desserts : Nouveau lieu \/ Place Fran\u00e7ois Villon \/<\/p>\n<p>Venez d\u00e9couvrir les d\u00e9serts aixois dans le labyrinthe du March\u00e9 des 13 desserts organis\u00e9 par la Chambre d&rsquo;Agriculture Bouches du Rh\u00f4ne.<\/p>\n<p>Une quarantaine d\u2019agriculteurs et artisans des m\u00e9tiers de bouche du d\u00e9partement, pr\u00e9senteront produits et sp\u00e9cialit\u00e9s culinaires traditionnels du No\u00ebl proven\u00e7al dans une ambiance de f\u00eate.<\/p>\n<p>Dont les 13 desserts : des fruits secs appel\u00e9s les quatres mendiants, les raisins secs pour les Dominicains, les figues s\u00e8ches pour les franciscains, les noisettes ou noix pour les Augustins et les amandes pour les Carmes, la pompe \u00e0 huile ou gibassi\u00e9, du nougat blanc et noir, des dattes, de la p\u00e2te de coings, du raisin blanc, du melon de No\u00ebl, des oranges ou mandarines et des calissons d\u2019Aix.<\/p>\n<p>Taco and Co Aix y sera pr\u00e9sent du 18 au 22 d\u00e9cembre pour vous transporter en v\u00e9lo cal\u00e8che jusqu&rsquo;\u00e0 votre parking.<\/p>\n<p>Informations au : 04 42 23 86 11 &#8211; www.agri13.fr<\/p>\n<figure id=\"attachment_2020\" aria-describedby=\"caption-attachment-2020\" style=\"width: 300px\" class=\"wp-caption aligncenter\"><a href=\"http:\/\/www.tacoandco.fr\/wp-content\/uploads\/2012\/12\/marche-des-13-desserts1.jpg\"><img fetchpriority=\"high\" decoding=\"async\" class=\"size-medium wp-image-2020\" src=\"http:\/\/www.tacoandco.fr\/wp-content\/uploads\/2012\/12\/marche-des-13-desserts1-300x225.jpg\" alt=\"\" width=\"300\" height=\"225\" srcset=\"https:\/\/www.tacoandco.fr\/wp-content\/uploads\/2012\/12\/marche-des-13-desserts1-300x225.jpg 300w, https:\/\/www.tacoandco.fr\/wp-content\/uploads\/2012\/12\/marche-des-13-desserts1-1024x768.jpg 1024w, https:\/\/www.tacoandco.fr\/wp-content\/uploads\/2012\/12\/marche-des-13-desserts1.jpg 2048w\" sizes=\"(max-width: 300px) 100vw, 300px\" \/><\/a><figcaption id=\"caption-attachment-2020\" class=\"wp-caption-text\">March\u00e9 des 13 desserts \/ Aix en Provence<\/figcaption><\/figure>","protected":false},"excerpt":{"rendered":"<p>March\u00e9 des 13 desserts : Nouveau lieu \/ Place Fran\u00e7ois Villon \/ Venez d\u00e9couvrir les d\u00e9serts aixois dans le labyrinthe du March\u00e9 des 13 desserts organis\u00e9 par la Chambre d&rsquo;Agriculture Bouches du Rh\u00f4ne. Une quarantaine d\u2019agriculteurs et artisans des m\u00e9tiers de bouche du d\u00e9partement, pr\u00e9senteront produits et sp\u00e9cialit\u00e9s culinaires traditionnels du No\u00ebl proven\u00e7al dans une [&hellip;]<\/p>","protected":false},"author":2,"featured_media":2020,"comment_status":"closed","ping_status":"closed","sticky":false,"template":"","format":"standard","meta":{"footnotes":""},"categories":[4,3],"tags":[],"class_list":["post-2017","post","type-post","status-publish","format-standard","has-post-thumbnail","hentry","category-accueil","category-actualites","entry","has-media"],"aioseo_notices":[],"_links":{"self":[{"href":"https:\/\/www.tacoandco.fr\/en\/wp-json\/wp\/v2\/posts\/2017","targetHints":{"allow":["GET"]}}],"collection":[{"href":"https:\/\/www.tacoandco.fr\/en\/wp-json\/wp\/v2\/posts"}],"about":[{"href":"https:\/\/www.tacoandco.fr\/en\/wp-json\/wp\/v2\/types\/post"}],"author":[{"embeddable":true,"href":"https:\/\/www.tacoandco.fr\/en\/wp-json\/wp\/v2\/users\/2"}],"replies":[{"embeddable":true,"href":"https:\/\/www.tacoandco.fr\/en\/wp-json\/wp\/v2\/comments?post=2017"}],"version-history":[{"count":0,"href":"https:\/\/www.tacoandco.fr\/en\/wp-json\/wp\/v2\/posts\/2017\/revisions"}],"wp:featuredmedia":[{"embeddable":true,"href":"https:\/\/www.tacoandco.fr\/en\/wp-json\/wp\/v2\/media\/2020"}],"wp:attachment":[{"href":"https:\/\/www.tacoandco.fr\/en\/wp-json\/wp\/v2\/media?parent=2017"}],"wp:term":[{"taxonomy":"category","embeddable":true,"href":"https:\/\/www.tacoandco.fr\/en\/wp-json\/wp\/v2\/categories?post=2017"},{"taxonomy":"post_tag","embeddable":true,"href":"https:\/\/www.tacoandco.fr\/en\/wp-json\/wp\/v2\/tags?post=2017"}],"curies":[{"name":"wp","href":"https:\/\/api.w.org\/{rel}","templated":true}]}}