{"id":2046,"date":"2013-01-07T11:09:19","date_gmt":"2013-01-07T11:09:19","guid":{"rendered":"http:\/\/www.tacoandco.fr\/?p=2046"},"modified":"2013-01-07T11:09:19","modified_gmt":"2013-01-07T11:09:19","slug":"marseille-provence-2013-ouverture-officielle-le-dimanche-13-janvier-2013","status":"publish","type":"post","link":"https:\/\/www.tacoandco.fr\/en\/blog\/2013\/01\/07\/marseille-provence-2013-ouverture-officielle-le-dimanche-13-janvier-2013\/","title":{"rendered":"Marseille Provence 2013: ouverture officielle le dimanche 13 Janvier 2013."},"content":{"rendered":"<p>Ouverture officielle de\u00a0\u00bb Marseille Provence 2013: capitale Europ\u00e9enne de la culture\u00a0\u00bb ce dimanche 13 Janvier 2013 \u00e0 Arles.<\/p>\n<p>Au programme pour cette journ\u00e9e: la chasse aux 13&rsquo;or, Ana\u00efs en concert, \u00a0le vernissage de l&rsquo;exposition \u00ab\u00a0D\u00e9rives\u00a0\u00bb et un magnifique feu d&rsquo;artifice propos\u00e9 par le groupe F \u00e0 partir de 18h30.<\/p>\n<p>Venez nombreux!!!<\/p>\n<p>Retrouvez toutes les informations et le programme de cette journ\u00e9e d&rsquo;ouverture sur www.mp13.fr ou 2013.arles.fr<\/p>\n<figure id=\"attachment_2047\" aria-describedby=\"caption-attachment-2047\" style=\"width: 200px\" class=\"wp-caption aligncenter\"><a href=\"http:\/\/www.tacoandco.fr\/wp-content\/uploads\/2013\/01\/IMG_2395-Copier.jpg\"><img fetchpriority=\"high\" decoding=\"async\" class=\"size-medium wp-image-2047\" src=\"http:\/\/www.tacoandco.fr\/wp-content\/uploads\/2013\/01\/IMG_2395-Copier-200x300.jpg\" alt=\"MP2013 \u00e0 Arles\" width=\"200\" height=\"300\" srcset=\"https:\/\/www.tacoandco.fr\/wp-content\/uploads\/2013\/01\/IMG_2395-Copier-200x300.jpg 200w, https:\/\/www.tacoandco.fr\/wp-content\/uploads\/2013\/01\/IMG_2395-Copier.jpg 400w\" sizes=\"(max-width: 200px) 100vw, 200px\" \/><\/a><figcaption id=\"caption-attachment-2047\" class=\"wp-caption-text\">MP2013 \u00e0 Arles<\/figcaption><\/figure>","protected":false},"excerpt":{"rendered":"<p>Ouverture officielle de\u00a0\u00bb Marseille Provence 2013: capitale Europ\u00e9enne de la culture\u00a0\u00bb ce dimanche 13 Janvier 2013 \u00e0 Arles. Au programme pour cette journ\u00e9e: la chasse aux 13&rsquo;or, Ana\u00efs en concert, \u00a0le vernissage de l&rsquo;exposition \u00ab\u00a0D\u00e9rives\u00a0\u00bb et un magnifique feu d&rsquo;artifice propos\u00e9 par le groupe F \u00e0 partir de 18h30. Venez nombreux!!! Retrouvez toutes les informations [&hellip;]<\/p>","protected":false},"author":2,"featured_media":2047,"comment_status":"closed","ping_status":"closed","sticky":false,"template":"","format":"standard","meta":{"footnotes":""},"categories":[4,3],"tags":[],"class_list":["post-2046","post","type-post","status-publish","format-standard","has-post-thumbnail","hentry","category-accueil","category-actualites","entry","has-media"],"aioseo_notices":[],"_links":{"self":[{"href":"https:\/\/www.tacoandco.fr\/en\/wp-json\/wp\/v2\/posts\/2046","targetHints":{"allow":["GET"]}}],"collection":[{"href":"https:\/\/www.tacoandco.fr\/en\/wp-json\/wp\/v2\/posts"}],"about":[{"href":"https:\/\/www.tacoandco.fr\/en\/wp-json\/wp\/v2\/types\/post"}],"author":[{"embeddable":true,"href":"https:\/\/www.tacoandco.fr\/en\/wp-json\/wp\/v2\/users\/2"}],"replies":[{"embeddable":true,"href":"https:\/\/www.tacoandco.fr\/en\/wp-json\/wp\/v2\/comments?post=2046"}],"version-history":[{"count":0,"href":"https:\/\/www.tacoandco.fr\/en\/wp-json\/wp\/v2\/posts\/2046\/revisions"}],"wp:featuredmedia":[{"embeddable":true,"href":"https:\/\/www.tacoandco.fr\/en\/wp-json\/wp\/v2\/media\/2047"}],"wp:attachment":[{"href":"https:\/\/www.tacoandco.fr\/en\/wp-json\/wp\/v2\/media?parent=2046"}],"wp:term":[{"taxonomy":"category","embeddable":true,"href":"https:\/\/www.tacoandco.fr\/en\/wp-json\/wp\/v2\/categories?post=2046"},{"taxonomy":"post_tag","embeddable":true,"href":"https:\/\/www.tacoandco.fr\/en\/wp-json\/wp\/v2\/tags?post=2046"}],"curies":[{"name":"wp","href":"https:\/\/api.w.org\/{rel}","templated":true}]}}