{"id":2068,"date":"2013-01-10T10:24:47","date_gmt":"2013-01-10T10:24:47","guid":{"rendered":"http:\/\/www.tacoandco.fr\/?p=2068"},"modified":"2013-01-10T10:59:49","modified_gmt":"2013-01-10T10:59:49","slug":"ouverture-mp2013-a-arles-j-2voici-le-programme","status":"publish","type":"post","link":"https:\/\/www.tacoandco.fr\/en\/blog\/2013\/01\/10\/ouverture-mp2013-a-arles-j-2voici-le-programme\/","title":{"rendered":"Ouverture MP2013 \u00e0 Arles j-2 : voici le programme du 13 janvier 2013!!!"},"content":{"rendered":"<p>J-2 avant l&rsquo;ouverture\u00a0officielle de Marseille Provence 2013:capital\u00a0Europ\u00e9enne\u00a0de la culture, ce dimanche 13 janvier 2013.<\/p>\n<p>Voici le programme du week end d&rsquo;ouverture de MP2013 sur Arles.<\/p>\n<p>RDV le dimanche 13 janvier 2013 pour le point de d\u00e9part d&rsquo;une ann\u00e9e\u00a0tr\u00e8s sp\u00e9ciale avec la Grande chasse aux 13&rsquo;or \u00e0 partir de 10h, l&rsquo;ouverture des galeries d&rsquo;art contemporain de 10h \u00e0 18h, le concert d&rsquo;Ana\u00efs sur la place de la mairie \u00e0 partir de 16 h \u00a0et ne manquez pas le magnifique spectacle pyrotechnique\u00a0\u00bbR\u00e9v\u00e9lations\u00a0\u00bb du groupe F \u00e0 18h30 sur les quais du Rh\u00f4ne.<\/p>\n<p>Pour plus d&rsquo;informations:<a title=\"Arles, an 2013\" href=\"http:\/\/\/en\/2013.arles.fr\/\" target=\"_blank\">http:\/\/2013.arles.fr\/<\/a><\/p>\n<figure id=\"attachment_2069\" aria-describedby=\"caption-attachment-2069\" style=\"width: 200px\" class=\"wp-caption aligncenter\"><a href=\"http:\/\/www.tacoandco.fr\/wp-content\/uploads\/2013\/01\/IMG_2396-Copier.jpg\"><img fetchpriority=\"high\" decoding=\"async\" class=\"size-medium wp-image-2069\" src=\"http:\/\/www.tacoandco.fr\/wp-content\/uploads\/2013\/01\/IMG_2396-Copier-200x300.jpg\" alt=\"Arles, an 2013\" width=\"200\" height=\"300\" srcset=\"https:\/\/www.tacoandco.fr\/wp-content\/uploads\/2013\/01\/IMG_2396-Copier-200x300.jpg 200w, https:\/\/www.tacoandco.fr\/wp-content\/uploads\/2013\/01\/IMG_2396-Copier.jpg 400w\" sizes=\"(max-width: 200px) 100vw, 200px\" \/><\/a><figcaption id=\"caption-attachment-2069\" class=\"wp-caption-text\">Arles, an 2013<\/figcaption><\/figure>\n<p>&nbsp;<\/p>","protected":false},"excerpt":{"rendered":"<p>J-2 avant l&rsquo;ouverture\u00a0officielle de Marseille Provence 2013:capital\u00a0Europ\u00e9enne\u00a0de la culture, ce dimanche 13 janvier 2013. Voici le programme du week end d&rsquo;ouverture de MP2013 sur Arles. RDV le dimanche 13 janvier 2013 pour le point de d\u00e9part d&rsquo;une ann\u00e9e\u00a0tr\u00e8s sp\u00e9ciale avec la Grande chasse aux 13&rsquo;or \u00e0 partir de 10h, l&rsquo;ouverture des galeries d&rsquo;art contemporain de [&hellip;]<\/p>","protected":false},"author":2,"featured_media":2070,"comment_status":"closed","ping_status":"closed","sticky":false,"template":"","format":"standard","meta":{"footnotes":""},"categories":[4,3],"tags":[],"class_list":["post-2068","post","type-post","status-publish","format-standard","has-post-thumbnail","hentry","category-accueil","category-actualites","entry","has-media"],"aioseo_notices":[],"_links":{"self":[{"href":"https:\/\/www.tacoandco.fr\/en\/wp-json\/wp\/v2\/posts\/2068","targetHints":{"allow":["GET"]}}],"collection":[{"href":"https:\/\/www.tacoandco.fr\/en\/wp-json\/wp\/v2\/posts"}],"about":[{"href":"https:\/\/www.tacoandco.fr\/en\/wp-json\/wp\/v2\/types\/post"}],"author":[{"embeddable":true,"href":"https:\/\/www.tacoandco.fr\/en\/wp-json\/wp\/v2\/users\/2"}],"replies":[{"embeddable":true,"href":"https:\/\/www.tacoandco.fr\/en\/wp-json\/wp\/v2\/comments?post=2068"}],"version-history":[{"count":0,"href":"https:\/\/www.tacoandco.fr\/en\/wp-json\/wp\/v2\/posts\/2068\/revisions"}],"wp:featuredmedia":[{"embeddable":true,"href":"https:\/\/www.tacoandco.fr\/en\/wp-json\/wp\/v2\/media\/2070"}],"wp:attachment":[{"href":"https:\/\/www.tacoandco.fr\/en\/wp-json\/wp\/v2\/media?parent=2068"}],"wp:term":[{"taxonomy":"category","embeddable":true,"href":"https:\/\/www.tacoandco.fr\/en\/wp-json\/wp\/v2\/categories?post=2068"},{"taxonomy":"post_tag","embeddable":true,"href":"https:\/\/www.tacoandco.fr\/en\/wp-json\/wp\/v2\/tags?post=2068"}],"curies":[{"name":"wp","href":"https:\/\/api.w.org\/{rel}","templated":true}]}}