{"id":2092,"date":"2013-01-29T16:06:22","date_gmt":"2013-01-29T16:06:22","guid":{"rendered":"http:\/\/www.tacoandco.fr\/?p=2092"},"modified":"2013-01-29T16:06:22","modified_gmt":"2013-01-29T16:06:22","slug":"arles-campus-2013-vendredi-08-fevrier-au-palais-des-congres-darles","status":"publish","type":"post","link":"https:\/\/www.tacoandco.fr\/en\/blog\/2013\/01\/29\/arles-campus-2013-vendredi-08-fevrier-au-palais-des-congres-darles\/","title":{"rendered":"Arles Campus 2013, vendredi 08 f\u00e9vrier au palais des congr\u00e8s d&rsquo;Arles."},"content":{"rendered":"<p>Arles Campus 2013 aura lieu le vendredi 08 f\u00e9vrier au palais des congr\u00e8s d&rsquo;Arles.<\/p>\n<p>Pour cette 5\u00e8me \u00e9dition du \u00a0salon des formations et des \u00e9tudes sup\u00e9rieurs du pays d&rsquo;Arles, vous aurez acc\u00e9s de 9h 30 \u00e0 19h00 \u00e0 plus de 40 stands d\u00e9di\u00e9s aux \u00e9coles sup\u00e9rieurs, associations \u00e9tudiantes, centres d&rsquo;informations, rencontres avec les enseignants et autres informations concernant la vie \u00e9tudiante.<\/p>\n<p>Pour plus d&rsquo;informations:\u00a0Service municipal de l\u2019Enseignement Sup\u00e9rieur<br \/>\nT\u00e9l. 04 90 49 37 53<\/p>\n<figure id=\"attachment_2094\" aria-describedby=\"caption-attachment-2094\" style=\"width: 200px\" class=\"wp-caption aligncenter\"><a href=\"http:\/\/www.tacoandco.fr\/wp-content\/uploads\/2013\/01\/IMG_2413-Copier1.jpg\"><img fetchpriority=\"high\" decoding=\"async\" class=\"size-medium wp-image-2094\" src=\"http:\/\/www.tacoandco.fr\/wp-content\/uploads\/2013\/01\/IMG_2413-Copier1-200x300.jpg\" alt=\"Arles Campus 2013, le 08 f\u00e9vrier au Palais des congr\u00e8s d'Arles\" width=\"200\" height=\"300\" srcset=\"https:\/\/www.tacoandco.fr\/wp-content\/uploads\/2013\/01\/IMG_2413-Copier1-200x300.jpg 200w, https:\/\/www.tacoandco.fr\/wp-content\/uploads\/2013\/01\/IMG_2413-Copier1.jpg 400w\" sizes=\"(max-width: 200px) 100vw, 200px\" \/><\/a><figcaption id=\"caption-attachment-2094\" class=\"wp-caption-text\">Arles Campus 2013, le 08 f\u00e9vrier au Palais des congr\u00e8s d&rsquo;Arles<\/figcaption><\/figure>","protected":false},"excerpt":{"rendered":"<p>Arles Campus 2013 aura lieu le vendredi 08 f\u00e9vrier au palais des congr\u00e8s d&rsquo;Arles. Pour cette 5\u00e8me \u00e9dition du \u00a0salon des formations et des \u00e9tudes sup\u00e9rieurs du pays d&rsquo;Arles, vous aurez acc\u00e9s de 9h 30 \u00e0 19h00 \u00e0 plus de 40 stands d\u00e9di\u00e9s aux \u00e9coles sup\u00e9rieurs, associations \u00e9tudiantes, centres d&rsquo;informations, rencontres avec les enseignants et [&hellip;]<\/p>","protected":false},"author":2,"featured_media":2095,"comment_status":"closed","ping_status":"closed","sticky":false,"template":"","format":"standard","meta":{"footnotes":""},"categories":[4,3],"tags":[],"class_list":["post-2092","post","type-post","status-publish","format-standard","has-post-thumbnail","hentry","category-accueil","category-actualites","entry","has-media"],"aioseo_notices":[],"_links":{"self":[{"href":"https:\/\/www.tacoandco.fr\/en\/wp-json\/wp\/v2\/posts\/2092","targetHints":{"allow":["GET"]}}],"collection":[{"href":"https:\/\/www.tacoandco.fr\/en\/wp-json\/wp\/v2\/posts"}],"about":[{"href":"https:\/\/www.tacoandco.fr\/en\/wp-json\/wp\/v2\/types\/post"}],"author":[{"embeddable":true,"href":"https:\/\/www.tacoandco.fr\/en\/wp-json\/wp\/v2\/users\/2"}],"replies":[{"embeddable":true,"href":"https:\/\/www.tacoandco.fr\/en\/wp-json\/wp\/v2\/comments?post=2092"}],"version-history":[{"count":0,"href":"https:\/\/www.tacoandco.fr\/en\/wp-json\/wp\/v2\/posts\/2092\/revisions"}],"wp:featuredmedia":[{"embeddable":true,"href":"https:\/\/www.tacoandco.fr\/en\/wp-json\/wp\/v2\/media\/2095"}],"wp:attachment":[{"href":"https:\/\/www.tacoandco.fr\/en\/wp-json\/wp\/v2\/media?parent=2092"}],"wp:term":[{"taxonomy":"category","embeddable":true,"href":"https:\/\/www.tacoandco.fr\/en\/wp-json\/wp\/v2\/categories?post=2092"},{"taxonomy":"post_tag","embeddable":true,"href":"https:\/\/www.tacoandco.fr\/en\/wp-json\/wp\/v2\/tags?post=2092"}],"curies":[{"name":"wp","href":"https:\/\/api.w.org\/{rel}","templated":true}]}}