{"id":2105,"date":"2013-02-07T15:45:12","date_gmt":"2013-02-07T15:45:12","guid":{"rendered":"http:\/\/www.tacoandco.fr\/?p=2105"},"modified":"2013-02-07T15:45:12","modified_gmt":"2013-02-07T15:45:12","slug":"arles-campus-2013-vendredi-8-fevrier-a-arles","status":"publish","type":"post","link":"https:\/\/www.tacoandco.fr\/en\/blog\/2013\/02\/07\/arles-campus-2013-vendredi-8-fevrier-a-arles\/","title":{"rendered":"Arles campus 2013, vendredi 8 f\u00e9vrier \u00e0 Arles."},"content":{"rendered":"<p>La 5 \u00e8me \u00e9dition du salon des formations et \u00e9tudes sup\u00e9rieures du pays d&rsquo;Arles \u00ab\u00a0Arles campus\u00a0\u00bb aura lieu demain, vendredi 8 f\u00e9vrier 2013 au palais des congr\u00e8s d&rsquo;Arles.<\/p>\n<p>Plus de 40 stands sont \u00e0 votre disposition de 9h30 \u00e0 19h pour rencontrer les enseignants et d\u00e9couvrir les diff\u00e9rentes \u00e9coles sup\u00e9rieures.<\/p>\n<p>Venez nombreux choir vos \u00e9tudes \u00e0 \u00ab\u00a0Arles campus\u00a0\u00bb!!!!<\/p>\n<figure id=\"attachment_2106\" aria-describedby=\"caption-attachment-2106\" style=\"width: 400px\" class=\"wp-caption aligncenter\"><a href=\"http:\/\/www.tacoandco.fr\/wp-content\/uploads\/2013\/02\/IMG_2420-Copier.jpg\"><img fetchpriority=\"high\" decoding=\"async\" class=\"size-full wp-image-2106\" src=\"http:\/\/www.tacoandco.fr\/wp-content\/uploads\/2013\/02\/IMG_2420-Copier.jpg\" alt=\"Arles campus 2013\" width=\"400\" height=\"600\" srcset=\"https:\/\/www.tacoandco.fr\/wp-content\/uploads\/2013\/02\/IMG_2420-Copier.jpg 400w, https:\/\/www.tacoandco.fr\/wp-content\/uploads\/2013\/02\/IMG_2420-Copier-200x300.jpg 200w\" sizes=\"(max-width: 400px) 100vw, 400px\" \/><\/a><figcaption id=\"caption-attachment-2106\" class=\"wp-caption-text\">Arles campus 2013<\/figcaption><\/figure>","protected":false},"excerpt":{"rendered":"<p>La 5 \u00e8me \u00e9dition du salon des formations et \u00e9tudes sup\u00e9rieures du pays d&rsquo;Arles \u00ab\u00a0Arles campus\u00a0\u00bb aura lieu demain, vendredi 8 f\u00e9vrier 2013 au palais des congr\u00e8s d&rsquo;Arles. Plus de 40 stands sont \u00e0 votre disposition de 9h30 \u00e0 19h pour rencontrer les enseignants et d\u00e9couvrir les diff\u00e9rentes \u00e9coles sup\u00e9rieures. Venez nombreux choir vos \u00e9tudes [&hellip;]<\/p>","protected":false},"author":2,"featured_media":2106,"comment_status":"closed","ping_status":"closed","sticky":false,"template":"","format":"standard","meta":{"footnotes":""},"categories":[4,3],"tags":[],"class_list":["post-2105","post","type-post","status-publish","format-standard","has-post-thumbnail","hentry","category-accueil","category-actualites","entry","has-media"],"aioseo_notices":[],"_links":{"self":[{"href":"https:\/\/www.tacoandco.fr\/en\/wp-json\/wp\/v2\/posts\/2105","targetHints":{"allow":["GET"]}}],"collection":[{"href":"https:\/\/www.tacoandco.fr\/en\/wp-json\/wp\/v2\/posts"}],"about":[{"href":"https:\/\/www.tacoandco.fr\/en\/wp-json\/wp\/v2\/types\/post"}],"author":[{"embeddable":true,"href":"https:\/\/www.tacoandco.fr\/en\/wp-json\/wp\/v2\/users\/2"}],"replies":[{"embeddable":true,"href":"https:\/\/www.tacoandco.fr\/en\/wp-json\/wp\/v2\/comments?post=2105"}],"version-history":[{"count":0,"href":"https:\/\/www.tacoandco.fr\/en\/wp-json\/wp\/v2\/posts\/2105\/revisions"}],"wp:featuredmedia":[{"embeddable":true,"href":"https:\/\/www.tacoandco.fr\/en\/wp-json\/wp\/v2\/media\/2106"}],"wp:attachment":[{"href":"https:\/\/www.tacoandco.fr\/en\/wp-json\/wp\/v2\/media?parent=2105"}],"wp:term":[{"taxonomy":"category","embeddable":true,"href":"https:\/\/www.tacoandco.fr\/en\/wp-json\/wp\/v2\/categories?post=2105"},{"taxonomy":"post_tag","embeddable":true,"href":"https:\/\/www.tacoandco.fr\/en\/wp-json\/wp\/v2\/tags?post=2105"}],"curies":[{"name":"wp","href":"https:\/\/api.w.org\/{rel}","templated":true}]}}