{"id":2109,"date":"2013-02-09T12:32:54","date_gmt":"2013-02-09T12:32:54","guid":{"rendered":"http:\/\/www.tacoandco.fr\/?p=2109"},"modified":"2013-02-09T12:32:54","modified_gmt":"2013-02-09T12:32:54","slug":"le-garage-de-lavenir-volkswagen-vous-invite-au-match-rcasmuc-le-17-fevrier-2013-au-stade-mailhan-darles","status":"publish","type":"post","link":"https:\/\/www.tacoandco.fr\/en\/blog\/2013\/02\/09\/le-garage-de-lavenir-volkswagen-vous-invite-au-match-rcasmuc-le-17-fevrier-2013-au-stade-mailhan-darles\/","title":{"rendered":"Le garage de l&rsquo;avenir Volkswagen vous invite au match RCA\/SMUC le 17 f\u00e9vrier 2013 au stade Mailhan d&rsquo;Arles"},"content":{"rendered":"<p>Le garage de l&rsquo;avenir Volkswagen, route de Tarascon \u00e0 Arles, vous invite au match opposant la rugby club Arl\u00e9sien au Smuc le 17 f\u00e9vrier 2013 .<\/p>\n<p>Venez nombreux encourager les jeunes et bleus \u00e0 partir de 13h30 au stade Mailhan d&rsquo;Arles.<\/p>\n<figure id=\"attachment_2110\" aria-describedby=\"caption-attachment-2110\" style=\"width: 400px\" class=\"wp-caption aligncenter\"><a href=\"http:\/\/www.tacoandco.fr\/wp-content\/uploads\/2013\/02\/vw-match-smuc1-1-Copier.jpg\"><img fetchpriority=\"high\" decoding=\"async\" class=\"size-full wp-image-2110\" src=\"http:\/\/www.tacoandco.fr\/wp-content\/uploads\/2013\/02\/vw-match-smuc1-1-Copier.jpg\" alt=\"Match RCA\/SMUC, stade Mailhan, le 17 f\u00e9vrier 2013\" width=\"400\" height=\"600\" srcset=\"https:\/\/www.tacoandco.fr\/wp-content\/uploads\/2013\/02\/vw-match-smuc1-1-Copier.jpg 400w, https:\/\/www.tacoandco.fr\/wp-content\/uploads\/2013\/02\/vw-match-smuc1-1-Copier-200x300.jpg 200w\" sizes=\"(max-width: 400px) 100vw, 400px\" \/><\/a><figcaption id=\"caption-attachment-2110\" class=\"wp-caption-text\">Match RCA\/SMUC, stade Mailhan, le 17 f\u00e9vrier 2013<\/figcaption><\/figure>\n<p>&nbsp;<\/p>","protected":false},"excerpt":{"rendered":"<p>Le garage de l&rsquo;avenir Volkswagen, route de Tarascon \u00e0 Arles, vous invite au match opposant la rugby club Arl\u00e9sien au Smuc le 17 f\u00e9vrier 2013 . Venez nombreux encourager les jeunes et bleus \u00e0 partir de 13h30 au stade Mailhan d&rsquo;Arles. &nbsp;<\/p>","protected":false},"author":2,"featured_media":2110,"comment_status":"closed","ping_status":"closed","sticky":false,"template":"","format":"standard","meta":{"footnotes":""},"categories":[4,3],"tags":[],"class_list":["post-2109","post","type-post","status-publish","format-standard","has-post-thumbnail","hentry","category-accueil","category-actualites","entry","has-media"],"aioseo_notices":[],"_links":{"self":[{"href":"https:\/\/www.tacoandco.fr\/en\/wp-json\/wp\/v2\/posts\/2109","targetHints":{"allow":["GET"]}}],"collection":[{"href":"https:\/\/www.tacoandco.fr\/en\/wp-json\/wp\/v2\/posts"}],"about":[{"href":"https:\/\/www.tacoandco.fr\/en\/wp-json\/wp\/v2\/types\/post"}],"author":[{"embeddable":true,"href":"https:\/\/www.tacoandco.fr\/en\/wp-json\/wp\/v2\/users\/2"}],"replies":[{"embeddable":true,"href":"https:\/\/www.tacoandco.fr\/en\/wp-json\/wp\/v2\/comments?post=2109"}],"version-history":[{"count":0,"href":"https:\/\/www.tacoandco.fr\/en\/wp-json\/wp\/v2\/posts\/2109\/revisions"}],"wp:featuredmedia":[{"embeddable":true,"href":"https:\/\/www.tacoandco.fr\/en\/wp-json\/wp\/v2\/media\/2110"}],"wp:attachment":[{"href":"https:\/\/www.tacoandco.fr\/en\/wp-json\/wp\/v2\/media?parent=2109"}],"wp:term":[{"taxonomy":"category","embeddable":true,"href":"https:\/\/www.tacoandco.fr\/en\/wp-json\/wp\/v2\/categories?post=2109"},{"taxonomy":"post_tag","embeddable":true,"href":"https:\/\/www.tacoandco.fr\/en\/wp-json\/wp\/v2\/tags?post=2109"}],"curies":[{"name":"wp","href":"https:\/\/api.w.org\/{rel}","templated":true}]}}