{"id":212,"date":"2010-03-01T02:10:07","date_gmt":"2010-03-01T02:10:07","guid":{"rendered":"http:\/\/www.tacoandco.fr\/?p=212"},"modified":"2010-03-25T02:54:05","modified_gmt":"2010-03-25T02:54:05","slug":"feria-arles-2010-programme-du-vendredi-2-avril-2010","status":"publish","type":"post","link":"https:\/\/www.tacoandco.fr\/en\/blog\/2010\/03\/01\/feria-arles-2010-programme-du-vendredi-2-avril-2010\/","title":{"rendered":"F\u00e9ria arles 2010 : programme du vendredi 2 avril 2010"},"content":{"rendered":"<p>Taco and co, \u00e0 votre service pour un transport des parking vers le centre durant la <strong>f\u00e9ria d&rsquo;arles 2010<\/strong>, vous pr\u00e9sente le programme du <strong>vendredi 2 Avril<\/strong> <strong>2010<\/strong>:<\/p>\n<p>\u2022 10 H &#8211; Devant les Ar\u00e8nes &#8211; Aubade d&rsquo;une pe\u00f1a<br \/>\n\u2022 11 H &#8211; Ar\u00e8nes d\u2019Arles &#8211; Novillada non piqu\u00e9e<br \/>\n\u2022 12 H &#8211; Boulevard Victor Hugo &#8211; Animation des pe\u00f1as<br \/>\n\u2022 13 H &#8211; Boulevard Victor Hugo \u2013 Abrivado ( manade du REVIVRE )<br \/>\n\u2022 16 H 30 &#8211; Devant les Ar\u00e8nes &#8211; Concert des pe\u00f1as<br \/>\n\u2022 17 H 30 &#8211; dans les Ar\u00e8nes d\u2019Arles &#8211; Corrida<br \/>\n\u2022 18 H 30 &#8211; Boulevard Victor Hugo &#8211; Animation des pe\u00f1as<br \/>\n\u2022 19 H 30 &#8211; Boulevard Victor Hugo \u2013 Bandido ( manade CHAPELLE BRUGEAS )<\/p>\n<p>\u2022 21 H &#8211; Boulevard Victor Hugo &#8211; Encierro de vingt taureaux ( manade du GALOUBET )<br \/>\n_ <a title=\"F\u00e9ria arles 2010 : programme du samedi 3 avril 2010\" href=\"http:\/\/www.tacoandco.fr\/en\/feria-arles-2010-programme-du-samedi-3-avril-2010-214\/\">Programme  f\u00e9ria samedi 3 avril 2010<br \/>\n<\/a>_ <a title=\"F\u00e9ria arles 2010 : programme du dimanche 4 avril 2010\" href=\"http:\/\/www.tacoandco.fr\/en\/feria-arles-2010-programme-du-dimanche-4-avril-2010-219\/\">Programme  f\u00e9ria dimanche 4 avril 2010<\/a><br \/>\n_ <a title=\"F\u00e9ria arles 2010 : programme du lundi 5 avril 2010\" href=\"http:\/\/www.tacoandco.fr\/en\/feria-arles-2010-programme-du-lundi-5-avril-2010-223\/\">Programme  f\u00e9ria samedi 5 avril 2010<\/a><\/p>\n<p style=\"text-align: justify;\"><!--cforms name=\"Contact\"--><\/p>","protected":false},"excerpt":{"rendered":"<p>Taco and co, \u00e0 votre service pour un transport des parking vers le centre durant la f\u00e9ria d&rsquo;arles 2010, vous pr\u00e9sente le programme du vendredi 2 Avril 2010: \u2022 10 H &#8211; Devant les Ar\u00e8nes &#8211; Aubade d&rsquo;une pe\u00f1a \u2022 11 H &#8211; Ar\u00e8nes d\u2019Arles &#8211; Novillada non piqu\u00e9e \u2022 12 H &#8211; Boulevard Victor [&hellip;]<\/p>","protected":false},"author":3,"featured_media":113,"comment_status":"closed","ping_status":"closed","sticky":false,"template":"","format":"standard","meta":{"footnotes":""},"categories":[3],"tags":[],"class_list":["post-212","post","type-post","status-publish","format-standard","has-post-thumbnail","hentry","category-actualites","entry","has-media"],"aioseo_notices":[],"_links":{"self":[{"href":"https:\/\/www.tacoandco.fr\/en\/wp-json\/wp\/v2\/posts\/212","targetHints":{"allow":["GET"]}}],"collection":[{"href":"https:\/\/www.tacoandco.fr\/en\/wp-json\/wp\/v2\/posts"}],"about":[{"href":"https:\/\/www.tacoandco.fr\/en\/wp-json\/wp\/v2\/types\/post"}],"author":[{"embeddable":true,"href":"https:\/\/www.tacoandco.fr\/en\/wp-json\/wp\/v2\/users\/3"}],"replies":[{"embeddable":true,"href":"https:\/\/www.tacoandco.fr\/en\/wp-json\/wp\/v2\/comments?post=212"}],"version-history":[{"count":0,"href":"https:\/\/www.tacoandco.fr\/en\/wp-json\/wp\/v2\/posts\/212\/revisions"}],"wp:featuredmedia":[{"embeddable":true,"href":"https:\/\/www.tacoandco.fr\/en\/wp-json\/wp\/v2\/media\/113"}],"wp:attachment":[{"href":"https:\/\/www.tacoandco.fr\/en\/wp-json\/wp\/v2\/media?parent=212"}],"wp:term":[{"taxonomy":"category","embeddable":true,"href":"https:\/\/www.tacoandco.fr\/en\/wp-json\/wp\/v2\/categories?post=212"},{"taxonomy":"post_tag","embeddable":true,"href":"https:\/\/www.tacoandco.fr\/en\/wp-json\/wp\/v2\/tags?post=212"}],"curies":[{"name":"wp","href":"https:\/\/api.w.org\/{rel}","templated":true}]}}