{"id":2123,"date":"2013-02-20T15:53:04","date_gmt":"2013-02-20T15:53:04","guid":{"rendered":"http:\/\/www.tacoandco.fr\/?p=2123"},"modified":"2013-02-20T15:53:04","modified_gmt":"2013-02-20T15:53:04","slug":"la-radio-3dfm-et-son-club-jazztrium-vous-presentent-anne-paceo-triphase-le-8-mars-2013","status":"publish","type":"post","link":"https:\/\/www.tacoandco.fr\/en\/blog\/2013\/02\/20\/la-radio-3dfm-et-son-club-jazztrium-vous-presentent-anne-paceo-triphase-le-8-mars-2013\/","title":{"rendered":"La radio 3DFM et son club \u00ab\u00a0JazzTrium\u00a0\u00bb vous pr\u00e9sentent \u00ab\u00a0Anne Paceo triphase\u00a0\u00bb, le 8 Mars 2013."},"content":{"rendered":"<p>Le club \u00ab\u00a0JazzTrium\u00a0\u00bb de la Radio 3DFM \u00e0 Arles vous propose une soir\u00e9e jazz le vendredi 8 mars avec Anne Paceo Triphase.<\/p>\n<p>Venez nombreux d\u00e9couvrir les soir\u00e9es Jazz \u00a0du Jazztrium, ouverture des portes 19h, concert \u00e0 20h et restauration sur place.<\/p>\n<p>Informations et reservations \u00a0au 0490541205 ou sur\u00a0<a title=\"http:\/\/www.radio3dfm.com\/\" href=\"http:\/\/www.radio3dfm.com\/\" target=\"_blank\">http:\/\/www.radio3dfm.com\/<\/a><\/p>\n<figure id=\"attachment_2124\" aria-describedby=\"caption-attachment-2124\" style=\"width: 200px\" class=\"wp-caption aligncenter\"><a href=\"http:\/\/www.tacoandco.fr\/wp-content\/uploads\/2013\/02\/Jazz-Atrium-8-Mars-2013.jpg\"><img fetchpriority=\"high\" decoding=\"async\" class=\"size-medium wp-image-2124\" src=\"http:\/\/www.tacoandco.fr\/wp-content\/uploads\/2013\/02\/Jazz-Atrium-8-Mars-2013-200x300.jpg\" alt=\"Jazz Atrium, 8 Mars 2013\" width=\"200\" height=\"300\" \/><\/a><figcaption id=\"caption-attachment-2124\" class=\"wp-caption-text\">Jazz Atrium, 8 Mars 2013<\/figcaption><\/figure>\n<p>&nbsp;<\/p>\n<figure id=\"attachment_2125\" aria-describedby=\"caption-attachment-2125\" style=\"width: 200px\" class=\"wp-caption aligncenter\"><a href=\"http:\/\/www.tacoandco.fr\/wp-content\/uploads\/2013\/02\/3dfm-pr\u00e9sente-Jazz-Atrium.jpg\"><img decoding=\"async\" class=\"size-medium wp-image-2125\" src=\"http:\/\/www.tacoandco.fr\/wp-content\/uploads\/2013\/02\/3dfm-pr\u00e9sente-Jazz-Atrium-200x300.jpg\" alt=\"3dfm pr\u00e9sente Jazz Atrium\" width=\"200\" height=\"300\" \/><\/a><figcaption id=\"caption-attachment-2125\" class=\"wp-caption-text\">3dfm pr\u00e9sente Jazz Atrium<\/figcaption><\/figure>","protected":false},"excerpt":{"rendered":"<p>Le club \u00ab\u00a0JazzTrium\u00a0\u00bb de la Radio 3DFM \u00e0 Arles vous propose une soir\u00e9e jazz le vendredi 8 mars avec Anne Paceo Triphase. Venez nombreux d\u00e9couvrir les soir\u00e9es Jazz \u00a0du Jazztrium, ouverture des portes 19h, concert \u00e0 20h et restauration sur place. Informations et reservations \u00a0au 0490541205 ou sur\u00a0http:\/\/www.radio3dfm.com\/ &nbsp;<\/p>","protected":false},"author":2,"featured_media":0,"comment_status":"closed","ping_status":"closed","sticky":false,"template":"","format":"standard","meta":{"footnotes":""},"categories":[4,3],"tags":[],"class_list":["post-2123","post","type-post","status-publish","format-standard","hentry","category-accueil","category-actualites","entry"],"aioseo_notices":[],"_links":{"self":[{"href":"https:\/\/www.tacoandco.fr\/en\/wp-json\/wp\/v2\/posts\/2123","targetHints":{"allow":["GET"]}}],"collection":[{"href":"https:\/\/www.tacoandco.fr\/en\/wp-json\/wp\/v2\/posts"}],"about":[{"href":"https:\/\/www.tacoandco.fr\/en\/wp-json\/wp\/v2\/types\/post"}],"author":[{"embeddable":true,"href":"https:\/\/www.tacoandco.fr\/en\/wp-json\/wp\/v2\/users\/2"}],"replies":[{"embeddable":true,"href":"https:\/\/www.tacoandco.fr\/en\/wp-json\/wp\/v2\/comments?post=2123"}],"version-history":[{"count":0,"href":"https:\/\/www.tacoandco.fr\/en\/wp-json\/wp\/v2\/posts\/2123\/revisions"}],"wp:attachment":[{"href":"https:\/\/www.tacoandco.fr\/en\/wp-json\/wp\/v2\/media?parent=2123"}],"wp:term":[{"taxonomy":"category","embeddable":true,"href":"https:\/\/www.tacoandco.fr\/en\/wp-json\/wp\/v2\/categories?post=2123"},{"taxonomy":"post_tag","embeddable":true,"href":"https:\/\/www.tacoandco.fr\/en\/wp-json\/wp\/v2\/tags?post=2123"}],"curies":[{"name":"wp","href":"https:\/\/api.w.org\/{rel}","templated":true}]}}