{"id":2139,"date":"2013-03-13T12:18:36","date_gmt":"2013-03-13T12:18:36","guid":{"rendered":"http:\/\/www.tacoandco.fr\/?p=2139"},"modified":"2013-03-13T12:21:02","modified_gmt":"2013-03-13T12:21:02","slug":"feria-de-paques-darles-du-29-mars-au-1er-avril-2013-voici-le-programme","status":"publish","type":"post","link":"https:\/\/www.tacoandco.fr\/en\/blog\/2013\/03\/13\/feria-de-paques-darles-du-29-mars-au-1er-avril-2013-voici-le-programme\/","title":{"rendered":"F\u00e9ria de P\u00e2ques d&rsquo;Arles du 29 Mars au 1er Avril 2013: Voici le programme!!"},"content":{"rendered":"<p>La f\u00e9ria du P\u00e2ques d\u2019Arles aura lieu du 29 Mars au 01 Avril 2013, Taco and co vous souhaite une bonne f\u00e9ria et vous pr\u00e9sente le programme des\u00a0festivit\u00e9s :<\/p>\n<figure id=\"attachment_2140\" aria-describedby=\"caption-attachment-2140\" style=\"width: 153px\" class=\"wp-caption aligncenter\"><a href=\"http:\/\/www.tacoandco.fr\/wp-content\/uploads\/2013\/03\/affiche-f\u00e9ria.jpg\"><img decoding=\"async\" class=\"size-medium wp-image-2140\" src=\"http:\/\/www.tacoandco.fr\/wp-content\/uploads\/2013\/03\/affiche-f\u00e9ria-153x300.jpg\" alt=\"affiche-f\u00e9ria P\u00e2ques 2013 Arles\" width=\"153\" height=\"300\" \/><\/a><figcaption id=\"caption-attachment-2140\" class=\"wp-caption-text\">affiche-f\u00e9ria P\u00e2ques 2013 Arles<\/figcaption><\/figure>\n<table>\n<tbody>\n<tr>\n<td align=\"center\" valign=\"top\" width=\"582\"><strong>\u00a0<\/strong><\/td>\n<\/tr>\n<tr>\n<td><span style=\"text-decoration: underline\"><strong>VENDREDI 29 MARS 2013:<\/strong><\/span><span style=\"color: #000000\"><a href=\"http:\/\/www.arenes-arles.com\/programmes\/paques13\/programmes_paques13.html\" target=\"_blank\"><span style=\"color: #000000\">\u2022 11 H 00 &#8211; Ar\u00e8nes d\u2019Arles \u2013 NOVILLADA non piqu\u00e9e<\/span><\/a><\/span><\/p>\n<p>\u2022 12 H 00 &#8211; Bd V. Hugo &#8211; Animation des pe\u00f1as<\/p>\n<p>\u2022 13 H 00 &#8211; Bd V. Hugo \u2013 Abrivado &#8211; manade\u00a0 CHAPELLE<\/p>\n<p>\u2022 16 H 00 &#8211; Devant les Ar\u00e8nes &#8211; Concert des pe\u00f1as<\/p>\n<p><span style=\"color: #000000\"><a href=\"http:\/\/www.arenes-arles.com\/programmes\/paques13\/programmes_paques13.html\" target=\"_blank\"><span style=\"color: #000000\">\u2022 17 H 00 &#8211; Ar\u00e8nes d\u2019Arles &#8211; CORRIDA\u00a0<\/span><\/a><\/span><\/p>\n<p>\u2022 18 H 30 &#8211; Bd V. Hugo &#8211; Animation des pe\u00f1as<\/p>\n<p>\u2022 19 H 30 &#8211; Bd V. Hugo \u2013 Bandido \u2013 manade\u00a0 Du Revivre<\/p>\n<p>\u2022 A l\u2019issue &#8211; Ar\u00e8nes portatives Place de la Croisi\u00e8re &#8211; manade Du Revivre<br \/>\n2 Vaches pour les amateurs<\/p>\n<p>\u2022 21 H 30 &#8211; Place de la R\u00e9publique &#8211;<br \/>\nConcert Vari\u00e9t\u00e9 par \u00ab L\u2019ORCHESTRE NEW ZIK \u00bb<\/p>\n<p>\u2022 21 H 30 &#8211; Place Voltaire-<br \/>\nConcert Rumba par \u00ab LOS COMPANEROS\u00a0 \u00bb<\/p>\n<p><span style=\"text-decoration: underline\"><strong>SAMEDI 30 MARS 2013<\/strong><\/span><br \/>\n\u2022 10 H 00 &#8211; Cavalerie Voltaire &#8211; Encierro \u2013 manade Des Alpilles<\/p>\n<p>\u2022 10 H 00 &#8211; Devant les Ar\u00e8nes &#8211; Aubade des pe\u00f1as<br \/>\n<a href=\"http:\/\/www.arenes-arles.com\/programmes\/paques13\/programmes_paques13.html\" target=\"_blank\"><br \/>\n<\/a><span style=\"color: #000000\"><a href=\"http:\/\/www.arenes-arles.com\/programmes\/paques13\/programmes_paques13.html\" target=\"_blank\"><span style=\"color: #000000\">\u2022 11 H 00 &#8211; Ar\u00e8nes d\u2019Arles \u2013 NOVILLADA Piqu\u00e9e<\/span><\/a><\/span><\/p>\n<p>\u2022 11 H 00 &#8211; Ar\u00e8nes portatives Place de la Croisi\u00e8re &#8211; manade\u00a0 BLANC<br \/>\n\u00ab Le Souvenir Francis ESPEJO \u00bb<br \/>\nCourse camarguaise de d\u00e9monstration<br \/>\nAvec l\u2019\u00e9cole taurine de Salin-de-Giraud<\/p>\n<p>\u2022 11 H 00 &#8211; Kiosque \u00e0 Musique &#8211; Boulevard des Lices<br \/>\nConcert de l&rsquo;orchestre d&rsquo;harmonie du pays d&rsquo;Arles<\/p>\n<p>\u2022 12 H 00 &#8211; Ar\u00e8nes portatives Place de la Croisi\u00e8re &#8211; Ganaderia TARDIEU<br \/>\n\u00ab Le Souvenir Francis ESPEJO \u00bb<br \/>\nCourse de qualification &#8211; RECORTADORES<\/p>\n<p>\u2022 12 H 00 &#8211; Bd V. Hugo &#8211; Animation des pe\u00f1as<\/p>\n<p>\u2022 13 H 00 &#8211; Bd V.Hugo \u2013 Abrivado \u2013 manade AGU<\/p>\n<p>\u2022 15 H 00 &#8211; Ar\u00e8nes portatives Place de la Croisi\u00e8re<br \/>\n\u00ab Le Souvenir Francis ESPEJO \u00bb<br \/>\nCapea de qualification &#8211; Ecole taurine d\u2019Arles<\/p>\n<p>\u2022 15 H 00 &#8211; Place de la R\u00e9publique GRAND CONCERT DES PENAS ET BANDAS<\/p>\n<p>\u2022 16 H 00 &#8211; Devant les ar\u00e8nes &#8211; Concert des pe\u00f1as<\/p>\n<p><span style=\"color: #000000\"><a href=\"http:\/\/www.arenes-arles.com\/programmes\/paques13\/programmes_paques13.html\" target=\"_blank\"><span style=\"color: #000000\">\u2022 17 H 00 &#8211; Ar\u00e8nes d\u2019Arles &#8211; CORRIDA<\/span><\/a><\/span><\/p>\n<p>\u2022 18 H 30 &#8211; Bd des Lices\u00a0 &#8211; Animation des pe\u00f1as<\/p>\n<p>\u2022 19 H 30 &#8211; Bd des Lices &#8211; Bandido &#8211; manade\u00a0 BRUGEAS<\/p>\n<p>\u2022 21 H 00 &#8211; Place de la Mairie &#8211;<br \/>\nAnimation Andalouse par \u00ab LOS DEL PATIO \u00bb<\/p>\n<p>\u2022 21 H 30 &#8211; Place Voltaire-<br \/>\nConcert Salsa par \u00ab SALSA CON TIMBA \u00bb<\/p>\n<p><span style=\"text-decoration: underline\"><strong>DIMANCHE 31 MARS 2013<\/strong><\/span><\/p>\n<p>\u2022 10 H 00 &#8211; Cavalerie Voltaire \u2013 Encierro &#8211; manade Des Alpilles<\/p>\n<p>\u2022 10 H 00 &#8211; Devant les Ar\u00e8nes &#8211; Aubade des pe\u00f1as<\/p>\n<p><span style=\"color: #000000\"><a href=\"http:\/\/www.arenes-arles.com\/programmes\/paques13\/programmes_paques13.html\" target=\"_blank\"><span style=\"color: #000000\">\u2022 11 H 00 &#8211; Ar\u00e8nes d\u2019Arles \u2013 COURSE CAMARGUAISE\u00a0<\/span><\/a><\/span><\/p>\n<p>\u2022 11 H 00 &#8211; Ar\u00e8nes portatives Place de la Croisi\u00e8re<br \/>\n\u00ab Le Souvenir Francis ESPEJO \u00bb<br \/>\nCapea de qualification &#8211; Ecole taurine d\u2019Arles<\/p>\n<p>\u2022 12 H 00 &#8211; Ar\u00e8nes portatives Place de la Croisi\u00e8re \u2013 ganaderia GALLON<br \/>\n\u00ab Le Souvenir Francis ESPEJO \u00bb<br \/>\nCourse de qualification \u2013 RECORTADORES<\/p>\n<p>\u2022 12 H 00 &#8211; Bd des Lices &#8211; Animation des pe\u00f1as<\/p>\n<p>\u2022 13 H 00 &#8211; Bd des Lices &#8211; Festival d&rsquo;Abrivado<br \/>\nmanades : THIBAUT \u2013 QUET \u2013 AUBANEL \u2013 LE REVIVRE et\u00a0 BRUGEAS<\/p>\n<p>\u2022 15 H 00 &#8211; Ar\u00e8nes portatives Place de la Croisi\u00e8re &#8211; manade PEYTAVIN<br \/>\nCourse Camarguaise \u00ab Le Souvenir Francis ESPEJO \u00bb<br \/>\nLes \u00ab petits As \u00bb de la section des jeunes Raseteurs de l\u2019\u00e9cole taurine d\u2019Arles<\/p>\n<p>\u2022 15 H 30 \u2013 GRAND DEFILE dans les rues d\u2019Arles &#8211; Des pe\u00f1as et Bandas<\/p>\n<p>\u2022 16 H 00 &#8211; Devant les Ar\u00e8nes &#8211; Concert des pe\u00f1as<\/p>\n<p><span style=\"color: #000000\"><a href=\"http:\/\/www.arenes-arles.com\/programmes\/paques13\/programmes_paques13.html\" target=\"_blank\"><span style=\"color: #000000\">\u2022 17 H 00 &#8211; Ar\u00e8nes d\u2019Arles &#8211; CORRIDA\u00a0<\/span><\/a><\/span><\/p>\n<p>\u2022 19 H 00 &#8211; Bd des Lices\u00a0 &#8211; Animation des pe\u00f1as\u2022 20 H 00 &#8211; Podium place de la R\u00e9publique &#8211; Concert de CHICUELO II<\/p>\n<p>\u2022 20 H 00 &#8211; Bd des Lices &#8211; Bandido \u2013 manade LESCOT<\/p>\n<p>\u2022 21 H 00 &#8211; Bd. des Lices jusqu&rsquo;\u00e0 la place de la R\u00e9publique &#8211; D\u00e9fil\u00e9 des Bandas<\/p>\n<p>\u2022 21 H 30 &#8211; Place Voltaire-<br \/>\nConcert Rumba par \u00ab COKTAIL FLAMENCO\u00a0 \u00bb<\/p>\n<p>\u2022 22 H 00 &#8211; Place de la R\u00e9publique &#8211; TORO DE FUEGO<\/p>\n<p><span style=\"text-decoration: underline\"><strong>LUNDI 01 AVRIL 2013<\/strong><\/span><\/p>\n<p>\u2022 10 H 00 &#8211; Cavalerie Voltaire \u2013 Encierro \u2013 manade\u00a0 Les Alpilles<\/p>\n<p>\u2022 10 H 00 &#8211; Devant les Ar\u00e8nes &#8211; Aubade des pe\u00f1as<\/p>\n<p>\u2022 11 H 00 &#8211; Ar\u00e8nes portatives Place de la Croisi\u00e8re &#8211; manade Saint Germain<br \/>\n\u00ab Le Souvenir Francis ESPEJO \u00bb<br \/>\nCourse camarguaise de d\u00e9monstration<br \/>\nAvec l\u2019\u00e9coles taurine de Raph\u00e8le<\/p>\n<p><span style=\"color: #000000\"><a href=\"http:\/\/www.arenes-arles.com\/programmes\/paques13\/programmes_paques13.html\" target=\"_blank\"><span style=\"color: #000000\">\u2022 11 H 00 &#8211; Ar\u00e8nes d\u2019Arles \u2013 CORRIDA DE REJON<\/span><\/a><\/span><\/p>\n<p>\u2022 12 H 00 &#8211; Bd des Lices &#8211; Animation des pe\u00f1as<\/p>\n<p>\u2022 13 H 00 &#8211; Bd des lices &#8211; L\u00e2cher de TOROS \u2013 Ganaderia BOUTAUD<\/p>\n<p>\u2022 14H 30 &#8211; Ar\u00e8nes portatives Place de la Croisi\u00e8re \u2013 Cl\u00e9mence ROBINEAU<br \/>\nD\u00e9monstration de dressage<br \/>\nVoltige \u00e0 cheval<\/p>\n<p>\u2022 15 H 00 &#8211; Ar\u00e8nes portatives Place de la Croisi\u00e8re<br \/>\nFinale du \u00ab Souvenir Francis ESPEJO \u00bb<br \/>\nCapea et Recortadores<\/p>\n<p>\u2022 16 H 00 &#8211; Devant les Ar\u00e8nes &#8211; concert des pe\u00f1as<\/p>\n<p><span style=\"color: #000000\"><span style=\"color: #000000\"><a href=\"http:\/\/www.arenes-arles.com\/programmes\/paques13\/programmes_paques13.html\" target=\"_blank\">\u2022 17 H 00 &#8211; Ar\u00e8nes d\u2019Arles &#8211; CORRIDA\u00a0<\/a>.<\/span><\/span><\/p>\n<p>&nbsp;<\/p>\n<p>Pour toutes r\u00e9servations ou informations sur les corridas:\u00a0<a title=\"F\u00e9ria d'arles P\u00e2ques 2013\" href=\"http:\/\/www.arenes-arles.com\/programmes\/paques13\/programmes_paques13.html\" target=\"_blank\">http:\/\/www.arenes-arles.com\/programmes\/paques13\/programmes_paques13.html<\/a><\/p>\n<p><a title=\"F\u00e9ria d'arles P\u00e2ques 2013\" href=\"http:\/\/www.arenes-arles.com\/programmes\/paques13\/programmes_paques13.html\" target=\"_blank\">\u00a0\u00a0 \u00a0\u00a0\u00a0\u00a0\u00a0\u00a0\u00a0\u00a0<\/a><\/td>\n<\/tr>\n<\/tbody>\n<\/table>","protected":false},"excerpt":{"rendered":"<p>La f\u00e9ria du P\u00e2ques d\u2019Arles aura lieu du 29 Mars au 01 Avril 2013, Taco and co vous souhaite une bonne f\u00e9ria et vous pr\u00e9sente le programme des\u00a0festivit\u00e9s : \u00a0 VENDREDI 29 MARS 2013:\u2022 11 H 00 &#8211; Ar\u00e8nes d\u2019Arles \u2013 NOVILLADA non piqu\u00e9e \u2022 12 H 00 &#8211; Bd V. Hugo &#8211; Animation des [&hellip;]<\/p>","protected":false},"author":2,"featured_media":2140,"comment_status":"closed","ping_status":"closed","sticky":false,"template":"","format":"standard","meta":{"footnotes":""},"categories":[4,3],"tags":[],"class_list":["post-2139","post","type-post","status-publish","format-standard","has-post-thumbnail","hentry","category-accueil","category-actualites","entry","has-media"],"aioseo_notices":[],"_links":{"self":[{"href":"https:\/\/www.tacoandco.fr\/en\/wp-json\/wp\/v2\/posts\/2139","targetHints":{"allow":["GET"]}}],"collection":[{"href":"https:\/\/www.tacoandco.fr\/en\/wp-json\/wp\/v2\/posts"}],"about":[{"href":"https:\/\/www.tacoandco.fr\/en\/wp-json\/wp\/v2\/types\/post"}],"author":[{"embeddable":true,"href":"https:\/\/www.tacoandco.fr\/en\/wp-json\/wp\/v2\/users\/2"}],"replies":[{"embeddable":true,"href":"https:\/\/www.tacoandco.fr\/en\/wp-json\/wp\/v2\/comments?post=2139"}],"version-history":[{"count":0,"href":"https:\/\/www.tacoandco.fr\/en\/wp-json\/wp\/v2\/posts\/2139\/revisions"}],"wp:featuredmedia":[{"embeddable":true,"href":"https:\/\/www.tacoandco.fr\/en\/wp-json\/wp\/v2\/media\/2140"}],"wp:attachment":[{"href":"https:\/\/www.tacoandco.fr\/en\/wp-json\/wp\/v2\/media?parent=2139"}],"wp:term":[{"taxonomy":"category","embeddable":true,"href":"https:\/\/www.tacoandco.fr\/en\/wp-json\/wp\/v2\/categories?post=2139"},{"taxonomy":"post_tag","embeddable":true,"href":"https:\/\/www.tacoandco.fr\/en\/wp-json\/wp\/v2\/tags?post=2139"}],"curies":[{"name":"wp","href":"https:\/\/api.w.org\/{rel}","templated":true}]}}