{"id":214,"date":"2010-03-02T02:20:50","date_gmt":"2010-03-02T02:20:50","guid":{"rendered":"http:\/\/www.tacoandco.fr\/?p=214"},"modified":"2010-03-25T02:58:14","modified_gmt":"2010-03-25T02:58:14","slug":"feria-arles-2010-programme-du-samedi-3-avril-2010","status":"publish","type":"post","link":"https:\/\/www.tacoandco.fr\/en\/blog\/2010\/03\/02\/feria-arles-2010-programme-du-samedi-3-avril-2010\/","title":{"rendered":"F\u00e9ria arles 2010 : programme du samedi 3 avril 2010"},"content":{"rendered":"<p style=\"text-align: justify;\">Taco and co, v\u00e9lo-taco \u00e0 votre service pour un transport pendant la <strong>f\u00e9ria d&rsquo;arles 2010<\/strong>, vous pr\u00e9sente le <strong>programme de la f\u00e9ria <\/strong> du <strong>samedi 3 avril 2010<\/strong> :<\/p>\n<p style=\"text-align: justify;\">\u2022 10 H la Cavalerie Voltaire &#8211; Encierro \u2013 manade GRANIER<br \/>\n\u2022 10 H Devant les Ar\u00e8nes &#8211; Aubade d&rsquo;une pe\u00f1a<br \/>\n\u2022 11 H Les Ar\u00e8nes d\u2019Arles &#8211; Novillada<br \/>\n\u2022 12 H Boulevard Victor Hugo &#8211; Animation des pe\u00f1as<br \/>\n\u2022 12 H 30 Ar\u00e8nes portatives sur la place de la Croisi\u00e8re<br \/>\nCourse camarguaise ( manade PEYTAVIN )<br \/>\nLes \u00e9coles taurines : Arles \u2013 Salin de Giraud<br \/>\n\u2022 13 H Boulevard Victor Hugo \u2013 Abrivado \u2013 manade AUBANEL<br \/>\nLe Comit\u00e9 de la F\u00e9ria remettra, \u00e0 l\u2019issue de l\u2019abrivado,\u00a0 sa M\u00e9daille 2010 \u00e0 Mr AUBANEL.<br \/>\n\u2022 15 H Place de la R\u00e9publique GRAND CONCERT<br \/>\nPe\u00f1as, Bandas et Musiques de rues de l\u2019association \u00ab Fanfares y Toros \u00bb<br \/>\n\u2022 16 H Devant les ar\u00e8nes &#8211; Concert d\u2019une pe\u00f1a<br \/>\n\u2022 17 H Ar\u00e8nes d\u2019Arles \u2013 Corrida concours<br \/>\n\u2022 18 H 30 Boulevard des Lices &#8211; Animation des pe\u00f1as<br \/>\n\u2022 19 H 30 Boulevard des Lices &#8211; L\u00e2cher de 30 taureaux ( manade LESCOT )<br \/>\n\u2022 21 H Podium sur la place de la R\u00e9publique &#8211; Concert avec le Groupe LASTIMELIE<br \/>\n\u2022 21 H Podium devant la Maison des Associations \u2013 Orchestre \u00a0\u00bb LES MELOMANES \u00a0\u00bb<br \/>\n\u2022 21 H Ar\u00e8nes portatives sur la place de la Croisi\u00e8re \u2013 Cap\u00e9a anim\u00e9e par les Bandas (manade BLANC)<\/p>\n<p style=\"text-align: justify;\">_ <a title=\"F\u00e9ria arles 2010 : programme du vendredi 2 avril 2010\" href=\"..\/feria-arles-2010-programme-du-vendredi-2-avril-2010-212\">Programme   f\u00e9ria vendredi 2 avril 2010<\/a><a title=\"F\u00e9ria arles 2010 : programme du samedi 3 avril 2010\" href=\"..\/feria-arles-2010-programme-du-samedi-3-avril-2010-214\"><br \/>\n<\/a>_ <a title=\"F\u00e9ria arles 2010 :  programme du dimanche 4 avril 2010\" href=\"..\/feria-arles-2010-programme-du-dimanche-4-avril-2010-219\">Programme   f\u00e9ria dimanche 4 avril 2010<\/a><br \/>\n_ <a title=\"F\u00e9ria arles 2010 : programme du lundi 5 avril 2010\" href=\"..\/feria-arles-2010-programme-du-lundi-5-avril-2010-223\">Programme   f\u00e9ria lundi 5 avril 2010<\/a><\/p>\n<p style=\"text-align: justify;\">\n<p style=\"text-align: justify;\"><!--cforms name=\"Contact\"--><\/p>","protected":false},"excerpt":{"rendered":"<p>Taco and co, v\u00e9lo-taco \u00e0 votre service pour un transport pendant la f\u00e9ria d&rsquo;arles 2010, vous pr\u00e9sente le programme de la f\u00e9ria du samedi 3 avril 2010 : \u2022 10 H la Cavalerie Voltaire &#8211; Encierro \u2013 manade GRANIER \u2022 10 H Devant les Ar\u00e8nes &#8211; Aubade d&rsquo;une pe\u00f1a \u2022 11 H Les Ar\u00e8nes d\u2019Arles [&hellip;]<\/p>","protected":false},"author":3,"featured_media":113,"comment_status":"closed","ping_status":"closed","sticky":false,"template":"","format":"standard","meta":{"footnotes":""},"categories":[3],"tags":[],"class_list":["post-214","post","type-post","status-publish","format-standard","has-post-thumbnail","hentry","category-actualites","entry","has-media"],"aioseo_notices":[],"_links":{"self":[{"href":"https:\/\/www.tacoandco.fr\/en\/wp-json\/wp\/v2\/posts\/214","targetHints":{"allow":["GET"]}}],"collection":[{"href":"https:\/\/www.tacoandco.fr\/en\/wp-json\/wp\/v2\/posts"}],"about":[{"href":"https:\/\/www.tacoandco.fr\/en\/wp-json\/wp\/v2\/types\/post"}],"author":[{"embeddable":true,"href":"https:\/\/www.tacoandco.fr\/en\/wp-json\/wp\/v2\/users\/3"}],"replies":[{"embeddable":true,"href":"https:\/\/www.tacoandco.fr\/en\/wp-json\/wp\/v2\/comments?post=214"}],"version-history":[{"count":0,"href":"https:\/\/www.tacoandco.fr\/en\/wp-json\/wp\/v2\/posts\/214\/revisions"}],"wp:featuredmedia":[{"embeddable":true,"href":"https:\/\/www.tacoandco.fr\/en\/wp-json\/wp\/v2\/media\/113"}],"wp:attachment":[{"href":"https:\/\/www.tacoandco.fr\/en\/wp-json\/wp\/v2\/media?parent=214"}],"wp:term":[{"taxonomy":"category","embeddable":true,"href":"https:\/\/www.tacoandco.fr\/en\/wp-json\/wp\/v2\/categories?post=214"},{"taxonomy":"post_tag","embeddable":true,"href":"https:\/\/www.tacoandco.fr\/en\/wp-json\/wp\/v2\/tags?post=214"}],"curies":[{"name":"wp","href":"https:\/\/api.w.org\/{rel}","templated":true}]}}