{"id":2155,"date":"2013-03-22T11:46:41","date_gmt":"2013-03-22T11:46:41","guid":{"rendered":"http:\/\/www.tacoandco.fr\/?p=2155"},"modified":"2013-03-22T12:01:02","modified_gmt":"2013-03-22T12:01:02","slug":"feria-de-paques-2013-a-arlestaco-and-co-propose-des-navettes-parking-arenes","status":"publish","type":"post","link":"https:\/\/www.tacoandco.fr\/en\/blog\/2013\/03\/22\/feria-de-paques-2013-a-arlestaco-and-co-propose-des-navettes-parking-arenes\/","title":{"rendered":"F\u00e9ria de P\u00e2ques 2013 \u00e0 Arles:Taco and Co propose des navettes Parking \/ Ar\u00eanes"},"content":{"rendered":"<p>J-7 avant l&rsquo;ouverture de la temporada et de la f\u00e9ria de P\u00e2ques \u00a0qui aura lieu du 29 Mars au 01 Avril 2013 \u00e0 Arles.<\/p>\n<p>A cette occasion, la circulation \u00e0 proximit\u00e9 du centre ville ainsi \u00a0que le\u00a0stationnement\u00a0 seront probl\u00e9matiques mais Taco and Co a la solution.<\/p>\n<p>Nous \u00a0vous proposons des navettes en v\u00e9lo -taco de la p\u00e9riph\u00e9rie au centre ville d&rsquo;Arles \u00e0 partir de 5 euros.<\/p>\n<p>Nous serons en circulation juqu&rsquo;au 30 Avril \u00e0 18h00 alors n&rsquo;h\u00e9sitez pas \u00e0 nous contacter pour vous d\u00e9placer&#8230;..<\/p>\n<p>A bient\u00f4t.<\/p>\n<figure id=\"attachment_1697\" aria-describedby=\"caption-attachment-1697\" style=\"width: 300px\" class=\"wp-caption aligncenter\"><a href=\"http:\/\/www.tacoandco.fr\/wp-content\/uploads\/2012\/08\/touriste-en-taco-b.jpg\"><img fetchpriority=\"high\" decoding=\"async\" class=\"size-medium wp-image-1697\" src=\"http:\/\/www.tacoandco.fr\/wp-content\/uploads\/2012\/08\/touriste-en-taco-b-300x183.jpg\" alt=\"Transport \u00e9cologique sur Arles\" width=\"300\" height=\"183\" srcset=\"https:\/\/www.tacoandco.fr\/wp-content\/uploads\/2012\/08\/touriste-en-taco-b-300x183.jpg 300w, https:\/\/www.tacoandco.fr\/wp-content\/uploads\/2012\/08\/touriste-en-taco-b.jpg 880w\" sizes=\"(max-width: 300px) 100vw, 300px\" \/><\/a><figcaption id=\"caption-attachment-1697\" class=\"wp-caption-text\">Transport f\u00e9ria d&rsquo;arles<\/figcaption><\/figure>\n<p>&nbsp;<\/p>","protected":false},"excerpt":{"rendered":"<p>J-7 avant l&rsquo;ouverture de la temporada et de la f\u00e9ria de P\u00e2ques \u00a0qui aura lieu du 29 Mars au 01 Avril 2013 \u00e0 Arles. A cette occasion, la circulation \u00e0 proximit\u00e9 du centre ville ainsi \u00a0que le\u00a0stationnement\u00a0 seront probl\u00e9matiques mais Taco and Co a la solution. Nous \u00a0vous proposons des navettes en v\u00e9lo -taco de [&hellip;]<\/p>","protected":false},"author":2,"featured_media":1697,"comment_status":"closed","ping_status":"closed","sticky":false,"template":"","format":"standard","meta":{"footnotes":""},"categories":[4,3],"tags":[],"class_list":["post-2155","post","type-post","status-publish","format-standard","has-post-thumbnail","hentry","category-accueil","category-actualites","entry","has-media"],"aioseo_notices":[],"_links":{"self":[{"href":"https:\/\/www.tacoandco.fr\/en\/wp-json\/wp\/v2\/posts\/2155","targetHints":{"allow":["GET"]}}],"collection":[{"href":"https:\/\/www.tacoandco.fr\/en\/wp-json\/wp\/v2\/posts"}],"about":[{"href":"https:\/\/www.tacoandco.fr\/en\/wp-json\/wp\/v2\/types\/post"}],"author":[{"embeddable":true,"href":"https:\/\/www.tacoandco.fr\/en\/wp-json\/wp\/v2\/users\/2"}],"replies":[{"embeddable":true,"href":"https:\/\/www.tacoandco.fr\/en\/wp-json\/wp\/v2\/comments?post=2155"}],"version-history":[{"count":0,"href":"https:\/\/www.tacoandco.fr\/en\/wp-json\/wp\/v2\/posts\/2155\/revisions"}],"wp:featuredmedia":[{"embeddable":true,"href":"https:\/\/www.tacoandco.fr\/en\/wp-json\/wp\/v2\/media\/1697"}],"wp:attachment":[{"href":"https:\/\/www.tacoandco.fr\/en\/wp-json\/wp\/v2\/media?parent=2155"}],"wp:term":[{"taxonomy":"category","embeddable":true,"href":"https:\/\/www.tacoandco.fr\/en\/wp-json\/wp\/v2\/categories?post=2155"},{"taxonomy":"post_tag","embeddable":true,"href":"https:\/\/www.tacoandco.fr\/en\/wp-json\/wp\/v2\/tags?post=2155"}],"curies":[{"name":"wp","href":"https:\/\/api.w.org\/{rel}","templated":true}]}}