{"id":219,"date":"2010-03-02T02:30:41","date_gmt":"2010-03-02T02:30:41","guid":{"rendered":"http:\/\/www.tacoandco.fr\/?p=219"},"modified":"2010-03-25T02:56:28","modified_gmt":"2010-03-25T02:56:28","slug":"feria-arles-2010-programme-du-dimanche-4-avril-2010","status":"publish","type":"post","link":"https:\/\/www.tacoandco.fr\/en\/blog\/2010\/03\/02\/feria-arles-2010-programme-du-dimanche-4-avril-2010\/","title":{"rendered":"F\u00e9ria arles 2010 : programme du dimanche 4 avril 2010"},"content":{"rendered":"<p>Taco and co, transport et tourisme \u00e0 <strong>Arles <\/strong>durant la <strong>f\u00e9ria 2010<\/strong>, vous pr\u00e9sente le programme  de la f\u00e9ria du <strong>dimanche 4 avril 2010 :<\/strong><\/p>\n<p>\u2022 10 H &#8211; Cavalerie Voltaire \u2013 Encierro &#8211; manade Des Alpilles<br \/>\n\u2022 10 H &#8211; Devant les Ar\u00e8nes &#8211; Aubade d&rsquo;une pe\u00f1a<br \/>\n\u2022 10 H \u2013 Un d\u00e9fil\u00e9 de chevaux et cal\u00e8ches avec des groupes de s\u00e9villanes dans les rues de la Ville d&rsquo;Arles organis\u00e9 par le Club Taurin \u00ab Les Andalouses \u00bb<br \/>\n\u2022 11 H &#8211; Ar\u00e8nes d\u2019Arles &#8211; Corrida<br \/>\n\u2022 12 H 30 &#8211; Ar\u00e8nes portatives sur la Place de la Croisi\u00e8re<br \/>\nCourse camarguaise &#8211; manade DU GALOUBET<br \/>\nLes Ecoles taurines : Arles \u2013 Salin de Giraud<br \/>\n\u2022 12 H &#8211; Boulevard des Lices &#8211; Animation des pe\u00f1as<br \/>\n\u2022 13 H\u00a0 &#8211; Boulevard des Lices &#8211; Festival d&rsquo;Abrivado<br \/>\n3 Manades : Manade des Montilles \u2013 GRANIER \u2013 THIBAUD<br \/>\nOffert par M. Jean-Claude.GALANDI de la station AVIA<br \/>\n\u2022 15 H &#8211; Ar\u00e8nes portatives Place de la Croisi\u00e8re &#8211; Cap\u00e9a \u2013 manade Saint GERMAIN<br \/>\n\u2022 15 H 30 &#8211; D\u00e9fil\u00e9 dans les rues d\u2019Arles &#8211; Des pe\u00f1as et Bandas<br \/>\n\u2022 16 H &#8211; Devant les Ar\u00e8nes &#8211; Concert des pe\u00f1as<br \/>\n\u2022 17 H &#8211; Ar\u00e8nes d\u2019Arles &#8211; Corrida<br \/>\n\u2022 A la fin de la corrida, le Comit\u00e9 de la F\u00e9ria remettra le troph\u00e9e Louis PAGES<br \/>\n\u2022 19 H &#8211; Boulevard des Lices &#8211; Animation des pe\u00f1as<br \/>\n\u2022 20 H &#8211; Podium place de la R\u00e9publique &#8211; Concert de CHICUELO II<br \/>\n\u2022 20 H &#8211; Boulevard des Lices &#8211; Bandido \u2013 manade du ROUSTY<br \/>\n\u2022 21 H &#8211; Boulevard des Lices jusqu&rsquo;\u00e0 la place de la R\u00e9publique &#8211; D\u00e9fil\u00e9 des Bandas<br \/>\n\u2022 21 H &#8211; Podium devant la Maison des Associations \u2013 Orchestre JO ALLAN<br \/>\n\u2022 22 H &#8211; Sur la place de la R\u00e9publique &#8211; TORO DE FUEGO<\/p>\n<p>_ <a title=\"F\u00e9ria arles 2010 : programme du vendredi 2 avril 2010\" href=\"..\/feria-arles-2010-programme-du-vendredi-2-avril-2010-212\">Programme   f\u00e9ria vendredi 2 avril 2010<\/a><br \/>\n_ <a title=\"F\u00e9ria arles 2010 : programme du samedi 3 avril 2010\" href=\"..\/feria-arles-2010-programme-du-samedi-3-avril-2010-214\">Programme   f\u00e9ria samedi 3 avril 2010<\/a><br \/>\n_ <a title=\"F\u00e9ria arles 2010 : programme du lundi 5 avril 2010\" href=\"..\/feria-arles-2010-programme-du-lundi-5-avril-2010-223\">Programme   f\u00e9ria Lundi 5 avril 2010<\/a><\/p>\n<p><!--cforms name=\"Contact\"--><\/p>","protected":false},"excerpt":{"rendered":"<p>Taco and co, transport et tourisme \u00e0 Arles durant la f\u00e9ria 2010, vous pr\u00e9sente le programme de la f\u00e9ria du dimanche 4 avril 2010 : \u2022 10 H &#8211; Cavalerie Voltaire \u2013 Encierro &#8211; manade Des Alpilles \u2022 10 H &#8211; Devant les Ar\u00e8nes &#8211; Aubade d&rsquo;une pe\u00f1a \u2022 10 H \u2013 Un d\u00e9fil\u00e9 de [&hellip;]<\/p>","protected":false},"author":3,"featured_media":113,"comment_status":"closed","ping_status":"closed","sticky":false,"template":"","format":"standard","meta":{"footnotes":""},"categories":[3],"tags":[],"class_list":["post-219","post","type-post","status-publish","format-standard","has-post-thumbnail","hentry","category-actualites","entry","has-media"],"aioseo_notices":[],"_links":{"self":[{"href":"https:\/\/www.tacoandco.fr\/en\/wp-json\/wp\/v2\/posts\/219","targetHints":{"allow":["GET"]}}],"collection":[{"href":"https:\/\/www.tacoandco.fr\/en\/wp-json\/wp\/v2\/posts"}],"about":[{"href":"https:\/\/www.tacoandco.fr\/en\/wp-json\/wp\/v2\/types\/post"}],"author":[{"embeddable":true,"href":"https:\/\/www.tacoandco.fr\/en\/wp-json\/wp\/v2\/users\/3"}],"replies":[{"embeddable":true,"href":"https:\/\/www.tacoandco.fr\/en\/wp-json\/wp\/v2\/comments?post=219"}],"version-history":[{"count":0,"href":"https:\/\/www.tacoandco.fr\/en\/wp-json\/wp\/v2\/posts\/219\/revisions"}],"wp:featuredmedia":[{"embeddable":true,"href":"https:\/\/www.tacoandco.fr\/en\/wp-json\/wp\/v2\/media\/113"}],"wp:attachment":[{"href":"https:\/\/www.tacoandco.fr\/en\/wp-json\/wp\/v2\/media?parent=219"}],"wp:term":[{"taxonomy":"category","embeddable":true,"href":"https:\/\/www.tacoandco.fr\/en\/wp-json\/wp\/v2\/categories?post=219"},{"taxonomy":"post_tag","embeddable":true,"href":"https:\/\/www.tacoandco.fr\/en\/wp-json\/wp\/v2\/tags?post=219"}],"curies":[{"name":"wp","href":"https:\/\/api.w.org\/{rel}","templated":true}]}}