{"id":2235,"date":"2013-05-06T08:25:13","date_gmt":"2013-05-06T08:25:13","guid":{"rendered":"http:\/\/www.tacoandco.fr\/?p=2235"},"modified":"2013-05-06T08:25:13","modified_gmt":"2013-05-06T08:25:13","slug":"nuage-au-musee-reattu-darles-du-16-mai-au-31-octobre-2013","status":"publish","type":"post","link":"https:\/\/www.tacoandco.fr\/en\/blog\/2013\/05\/06\/nuage-au-musee-reattu-darles-du-16-mai-au-31-octobre-2013\/","title":{"rendered":"Nuage au mus\u00e9e R\u00e9attu d&rsquo;Arles du 16 Mai au 31 Octobre 2013."},"content":{"rendered":"<p>Venez d\u00e9couvrir l&rsquo;exposition Nuage au mus\u00e9e R\u00e9attu d&rsquo;Arles du 16 Mai au 31 Octobre 2013.<\/p>\n<p>Cette exposition d&rsquo;Art contemporain vous ai pr\u00e9sent\u00e9 dans le cadre de Marseille-Provence 2013.<\/p>\n<p>Venez nombreux!!!!<\/p>\n<p>Plus d&rsquo;informations sur:\u00a0<a title=\"http:\/\/www.museereattu.arles.fr\/\" href=\"http:\/\/www.museereattu.arles.fr\/\" target=\"_blank\">http:\/\/www.museereattu.arles.fr<\/a><\/p>\n<figure id=\"attachment_2236\" aria-describedby=\"caption-attachment-2236\" style=\"width: 400px\" class=\"wp-caption aligncenter\"><a href=\"http:\/\/www.tacoandco.fr\/wp-content\/uploads\/2013\/05\/Nuage-au-Mus\u00e9e-R\u00e9attu-Copier.jpg\"><img fetchpriority=\"high\" decoding=\"async\" class=\"size-full wp-image-2236\" alt=\"Nuage au Mus\u00e9e R\u00e9attu \" src=\"http:\/\/www.tacoandco.fr\/wp-content\/uploads\/2013\/05\/Nuage-au-Mus\u00e9e-R\u00e9attu-Copier.jpg\" width=\"400\" height=\"600\" srcset=\"https:\/\/www.tacoandco.fr\/wp-content\/uploads\/2013\/05\/Nuage-au-Mus\u00e9e-R\u00e9attu-Copier.jpg 400w, https:\/\/www.tacoandco.fr\/wp-content\/uploads\/2013\/05\/Nuage-au-Mus\u00e9e-R\u00e9attu-Copier-200x300.jpg 200w\" sizes=\"(max-width: 400px) 100vw, 400px\" \/><\/a><figcaption id=\"caption-attachment-2236\" class=\"wp-caption-text\">Nuage au Mus\u00e9e R\u00e9attu<\/figcaption><\/figure>","protected":false},"excerpt":{"rendered":"<p>Venez d\u00e9couvrir l&rsquo;exposition Nuage au mus\u00e9e R\u00e9attu d&rsquo;Arles du 16 Mai au 31 Octobre 2013. Cette exposition d&rsquo;Art contemporain vous ai pr\u00e9sent\u00e9 dans le cadre de Marseille-Provence 2013. Venez nombreux!!!! Plus d&rsquo;informations sur:\u00a0http:\/\/www.museereattu.arles.fr<\/p>","protected":false},"author":2,"featured_media":2236,"comment_status":"closed","ping_status":"closed","sticky":false,"template":"","format":"standard","meta":{"footnotes":""},"categories":[4,3],"tags":[],"class_list":["post-2235","post","type-post","status-publish","format-standard","has-post-thumbnail","hentry","category-accueil","category-actualites","entry","has-media"],"aioseo_notices":[],"_links":{"self":[{"href":"https:\/\/www.tacoandco.fr\/en\/wp-json\/wp\/v2\/posts\/2235","targetHints":{"allow":["GET"]}}],"collection":[{"href":"https:\/\/www.tacoandco.fr\/en\/wp-json\/wp\/v2\/posts"}],"about":[{"href":"https:\/\/www.tacoandco.fr\/en\/wp-json\/wp\/v2\/types\/post"}],"author":[{"embeddable":true,"href":"https:\/\/www.tacoandco.fr\/en\/wp-json\/wp\/v2\/users\/2"}],"replies":[{"embeddable":true,"href":"https:\/\/www.tacoandco.fr\/en\/wp-json\/wp\/v2\/comments?post=2235"}],"version-history":[{"count":0,"href":"https:\/\/www.tacoandco.fr\/en\/wp-json\/wp\/v2\/posts\/2235\/revisions"}],"wp:featuredmedia":[{"embeddable":true,"href":"https:\/\/www.tacoandco.fr\/en\/wp-json\/wp\/v2\/media\/2236"}],"wp:attachment":[{"href":"https:\/\/www.tacoandco.fr\/en\/wp-json\/wp\/v2\/media?parent=2235"}],"wp:term":[{"taxonomy":"category","embeddable":true,"href":"https:\/\/www.tacoandco.fr\/en\/wp-json\/wp\/v2\/categories?post=2235"},{"taxonomy":"post_tag","embeddable":true,"href":"https:\/\/www.tacoandco.fr\/en\/wp-json\/wp\/v2\/tags?post=2235"}],"curies":[{"name":"wp","href":"https:\/\/api.w.org\/{rel}","templated":true}]}}