{"id":2243,"date":"2013-05-09T09:50:26","date_gmt":"2013-05-09T09:50:26","guid":{"rendered":"http:\/\/www.tacoandco.fr\/?p=2243"},"modified":"2013-05-09T09:50:26","modified_gmt":"2013-05-09T09:50:26","slug":"fepn-festival-europeen-de-photo-de-nu-du-8-au-20-mai-2013-a-arles","status":"publish","type":"post","link":"https:\/\/www.tacoandco.fr\/en\/blog\/2013\/05\/09\/fepn-festival-europeen-de-photo-de-nu-du-8-au-20-mai-2013-a-arles\/","title":{"rendered":"FEPN, Festival Europ\u00e9en de photo de nu du 8 au 20 Mai 2013 \u00e0 Arles."},"content":{"rendered":"<p>Le FEPN, Festival Europ\u00e9en de photo de nu aura lieu du 8 au 20 Mai 2013 \u00e0 Arles ainsi qu&rsquo;au Baux de Provence.<\/p>\n<p>Pour cette 13\u00e8me \u00e9dition du FEPN\u00a0intitul\u00e9\u00a0\u00ab\u00a0un regard sur le corps\u00a0\u00bb, de nombreuses expositions sont \u00e0\u00a0d\u00e9couvrir\u00a0au Palais de\u00a0l\u2019Archev\u00each\u00e9,\u00a0 \u00e0 l&rsquo;Espace Van Gogh, \u00e0 la chapelle Sainte Anne ou encore au Baux de Provence \u00a0du 8 au 20 Mai 2013<\/p>\n<p>Des stages seront \u00e9galement organis\u00e9s pendant toute la dur\u00e9e de festival.<\/p>\n<p>Renseignements et informations :<a title=\"FEPN 2013\" href=\"http:\/\/www.fepn-arles.com\/\" target=\"_blank\">\u00a0http:\/\/www.fepn-arles.com<\/a><\/p>\n<figure id=\"attachment_2244\" aria-describedby=\"caption-attachment-2244\" style=\"width: 400px\" class=\"wp-caption aligncenter\"><a href=\"http:\/\/www.tacoandco.fr\/wp-content\/uploads\/2013\/05\/FEPN-2013-Copier.jpg\"><img fetchpriority=\"high\" decoding=\"async\" class=\"size-full wp-image-2244\" alt=\"FEPN 2013 \u00e0 Arles\" src=\"http:\/\/www.tacoandco.fr\/wp-content\/uploads\/2013\/05\/FEPN-2013-Copier.jpg\" width=\"400\" height=\"600\" srcset=\"https:\/\/www.tacoandco.fr\/wp-content\/uploads\/2013\/05\/FEPN-2013-Copier.jpg 400w, https:\/\/www.tacoandco.fr\/wp-content\/uploads\/2013\/05\/FEPN-2013-Copier-200x300.jpg 200w\" sizes=\"(max-width: 400px) 100vw, 400px\" \/><\/a><figcaption id=\"caption-attachment-2244\" class=\"wp-caption-text\">FEPN 2013 \u00e0 Arles<\/figcaption><\/figure>\n<p>&nbsp;<\/p>","protected":false},"excerpt":{"rendered":"<p>Le FEPN, Festival Europ\u00e9en de photo de nu aura lieu du 8 au 20 Mai 2013 \u00e0 Arles ainsi qu&rsquo;au Baux de Provence. Pour cette 13\u00e8me \u00e9dition du FEPN\u00a0intitul\u00e9\u00a0\u00ab\u00a0un regard sur le corps\u00a0\u00bb, de nombreuses expositions sont \u00e0\u00a0d\u00e9couvrir\u00a0au Palais de\u00a0l\u2019Archev\u00each\u00e9,\u00a0 \u00e0 l&rsquo;Espace Van Gogh, \u00e0 la chapelle Sainte Anne ou encore au Baux de Provence [&hellip;]<\/p>","protected":false},"author":2,"featured_media":2244,"comment_status":"closed","ping_status":"closed","sticky":false,"template":"","format":"standard","meta":{"footnotes":""},"categories":[4,3],"tags":[],"class_list":["post-2243","post","type-post","status-publish","format-standard","has-post-thumbnail","hentry","category-accueil","category-actualites","entry","has-media"],"aioseo_notices":[],"_links":{"self":[{"href":"https:\/\/www.tacoandco.fr\/en\/wp-json\/wp\/v2\/posts\/2243","targetHints":{"allow":["GET"]}}],"collection":[{"href":"https:\/\/www.tacoandco.fr\/en\/wp-json\/wp\/v2\/posts"}],"about":[{"href":"https:\/\/www.tacoandco.fr\/en\/wp-json\/wp\/v2\/types\/post"}],"author":[{"embeddable":true,"href":"https:\/\/www.tacoandco.fr\/en\/wp-json\/wp\/v2\/users\/2"}],"replies":[{"embeddable":true,"href":"https:\/\/www.tacoandco.fr\/en\/wp-json\/wp\/v2\/comments?post=2243"}],"version-history":[{"count":0,"href":"https:\/\/www.tacoandco.fr\/en\/wp-json\/wp\/v2\/posts\/2243\/revisions"}],"wp:featuredmedia":[{"embeddable":true,"href":"https:\/\/www.tacoandco.fr\/en\/wp-json\/wp\/v2\/media\/2244"}],"wp:attachment":[{"href":"https:\/\/www.tacoandco.fr\/en\/wp-json\/wp\/v2\/media?parent=2243"}],"wp:term":[{"taxonomy":"category","embeddable":true,"href":"https:\/\/www.tacoandco.fr\/en\/wp-json\/wp\/v2\/categories?post=2243"},{"taxonomy":"post_tag","embeddable":true,"href":"https:\/\/www.tacoandco.fr\/en\/wp-json\/wp\/v2\/tags?post=2243"}],"curies":[{"name":"wp","href":"https:\/\/api.w.org\/{rel}","templated":true}]}}