{"id":2258,"date":"2013-05-21T10:14:00","date_gmt":"2013-05-21T10:14:00","guid":{"rendered":"http:\/\/www.tacoandco.fr\/?p=2258"},"modified":"2013-05-21T10:14:31","modified_gmt":"2013-05-21T10:14:31","slug":"mon-ile-de-montmajour-par-christian-lacroix-a-labbaye-de-montmajour-5-mai-au-3-novembre-2013","status":"publish","type":"post","link":"https:\/\/www.tacoandco.fr\/en\/blog\/2013\/05\/21\/mon-ile-de-montmajour-par-christian-lacroix-a-labbaye-de-montmajour-5-mai-au-3-novembre-2013\/","title":{"rendered":"Mon \u00eele de Montmajour par Christian Lacroix, du 5 mai au 3 Novembre 2013 \u00e0 l&rsquo;abbaye de Montmajour."},"content":{"rendered":"<p>L&rsquo;exposition \u00ab\u00a0Mon \u00eele de Montmajour\u00a0\u00bb par Christian Lacroix, du 5 Mai au 3 Novembre 2013, \u00e0 l&rsquo;abbaye de Montmajour.<\/p>\n<p>Dans le cadre de Marseille Provence 2013, \u00a0le Centre des monuments nationaux a donn\u00e9 carte blanche \u00e0\u00a0<strong>Christian Lacroix<\/strong>\u00a0qui cherche ici \u00e0 recr\u00e9er \u00ab L\u2019\u00eele aux tr\u00e9sors \u00bb, \u00ab L\u2019\u00eele de Montmajour \u00bb, de son enfance et de son imaginaire.<br \/>\nVenez d\u00e9couvrir \u00a0une s\u00e9lection d\u2019oeuvres d\u2019art contemporain du CIRVA (Centre International de Recherche sur le Verre et les Arts plastiques) et de galeries, accompagn\u00e9e de v\u00eatements et d\u2019objets religieux.<\/p>\n<p>Pour vous rendre \u00e0 l&rsquo;abbaye de Montmajour, Taco and Co mets \u00e0 votre disposition des v\u00e9los en location \u00e0 des prix pr\u00e9f\u00e9rentiels pour les visiteurs de l&rsquo;exposition. (5 euros la 1\/2 journ\u00e9e)<\/p>\n<p>Pour plus d&rsquo;informations:<a title=\"http:\/\/www.monuments-nationaux.fr\/fr\/actualites\/a-la-une\/bdd\/actu\/1297\/mon-ile-de-montmajour-christian-lacroix\/\/\" href=\"http:\/\/www.monuments-nationaux.fr\/fr\/actualites\/a-la-une\/bdd\/actu\/1297\/mon-ile-de-montmajour-christian-lacroix\/\/\" target=\"_blank\">http:\/\/www.monuments-nationaux.fr\/fr\/actualites\/a-la-une\/bdd\/actu\/1297\/mon-ile-de-montmajour-christian-lacroix\/\/<\/a><\/p>\n<figure id=\"attachment_2259\" aria-describedby=\"caption-attachment-2259\" style=\"width: 315px\" class=\"wp-caption aligncenter\"><a href=\"http:\/\/www.tacoandco.fr\/wp-content\/uploads\/2013\/05\/lacroix_abb_page_musees-3.jpg\"><img fetchpriority=\"high\" decoding=\"async\" class=\"size-full wp-image-2259\" alt=\"Mon \u00eele de Montmajour par Christian Lacroix\" src=\"http:\/\/www.tacoandco.fr\/wp-content\/uploads\/2013\/05\/lacroix_abb_page_musees-3.jpg\" width=\"315\" height=\"249\" srcset=\"https:\/\/www.tacoandco.fr\/wp-content\/uploads\/2013\/05\/lacroix_abb_page_musees-3.jpg 315w, https:\/\/www.tacoandco.fr\/wp-content\/uploads\/2013\/05\/lacroix_abb_page_musees-3-300x237.jpg 300w\" sizes=\"(max-width: 315px) 100vw, 315px\" \/><\/a><figcaption id=\"caption-attachment-2259\" class=\"wp-caption-text\">Mon \u00eele de Montmajour par Christian Lacroix<\/figcaption><\/figure>\n<p>&nbsp;<\/p>","protected":false},"excerpt":{"rendered":"<p>L&rsquo;exposition \u00ab\u00a0Mon \u00eele de Montmajour\u00a0\u00bb par Christian Lacroix, du 5 Mai au 3 Novembre 2013, \u00e0 l&rsquo;abbaye de Montmajour. Dans le cadre de Marseille Provence 2013, \u00a0le Centre des monuments nationaux a donn\u00e9 carte blanche \u00e0\u00a0Christian Lacroix\u00a0qui cherche ici \u00e0 recr\u00e9er \u00ab L\u2019\u00eele aux tr\u00e9sors \u00bb, \u00ab L\u2019\u00eele de Montmajour \u00bb, de son enfance et [&hellip;]<\/p>","protected":false},"author":2,"featured_media":2259,"comment_status":"closed","ping_status":"closed","sticky":false,"template":"","format":"standard","meta":{"footnotes":""},"categories":[4,3],"tags":[],"class_list":["post-2258","post","type-post","status-publish","format-standard","has-post-thumbnail","hentry","category-accueil","category-actualites","entry","has-media"],"aioseo_notices":[],"_links":{"self":[{"href":"https:\/\/www.tacoandco.fr\/en\/wp-json\/wp\/v2\/posts\/2258","targetHints":{"allow":["GET"]}}],"collection":[{"href":"https:\/\/www.tacoandco.fr\/en\/wp-json\/wp\/v2\/posts"}],"about":[{"href":"https:\/\/www.tacoandco.fr\/en\/wp-json\/wp\/v2\/types\/post"}],"author":[{"embeddable":true,"href":"https:\/\/www.tacoandco.fr\/en\/wp-json\/wp\/v2\/users\/2"}],"replies":[{"embeddable":true,"href":"https:\/\/www.tacoandco.fr\/en\/wp-json\/wp\/v2\/comments?post=2258"}],"version-history":[{"count":0,"href":"https:\/\/www.tacoandco.fr\/en\/wp-json\/wp\/v2\/posts\/2258\/revisions"}],"wp:featuredmedia":[{"embeddable":true,"href":"https:\/\/www.tacoandco.fr\/en\/wp-json\/wp\/v2\/media\/2259"}],"wp:attachment":[{"href":"https:\/\/www.tacoandco.fr\/en\/wp-json\/wp\/v2\/media?parent=2258"}],"wp:term":[{"taxonomy":"category","embeddable":true,"href":"https:\/\/www.tacoandco.fr\/en\/wp-json\/wp\/v2\/categories?post=2258"},{"taxonomy":"post_tag","embeddable":true,"href":"https:\/\/www.tacoandco.fr\/en\/wp-json\/wp\/v2\/tags?post=2258"}],"curies":[{"name":"wp","href":"https:\/\/api.w.org\/{rel}","templated":true}]}}