{"id":2276,"date":"2013-05-27T13:52:37","date_gmt":"2013-05-27T13:52:37","guid":{"rendered":"http:\/\/www.tacoandco.fr\/?p=2276"},"modified":"2013-11-14T08:02:00","modified_gmt":"2013-11-14T08:02:00","slug":"ouverture-superdry-store-a-aix-en-provence-aux-allees-provencales","status":"publish","type":"post","link":"https:\/\/www.tacoandco.fr\/en\/blog\/2013\/05\/27\/ouverture-superdry-store-a-aix-en-provence-aux-allees-provencales\/","title":{"rendered":"Ouverture Superdry store \u00e0 Aix en Provence aux all\u00e9es Proven\u00e7ales."},"content":{"rendered":"<figure id=\"attachment_2278\" aria-describedby=\"caption-attachment-2278\" style=\"width: 800px\" class=\"wp-caption aligncenter\"><a href=\"http:\/\/www.tacoandco.fr\/wp-content\/uploads\/2013\/05\/Superdry-Aix-en-Provence-Copier.jpg\"><img fetchpriority=\"high\" decoding=\"async\" class=\"size-full wp-image-2278\" alt=\"Superdry store \u00e0 Aix\" src=\"http:\/\/www.tacoandco.fr\/wp-content\/uploads\/2013\/05\/Superdry-Aix-en-Provence-Copier.jpg\" width=\"800\" height=\"600\" srcset=\"https:\/\/www.tacoandco.fr\/wp-content\/uploads\/2013\/05\/Superdry-Aix-en-Provence-Copier.jpg 800w, https:\/\/www.tacoandco.fr\/wp-content\/uploads\/2013\/05\/Superdry-Aix-en-Provence-Copier-300x225.jpg 300w\" sizes=\"(max-width: 800px) 100vw, 800px\" \/><\/a><figcaption id=\"caption-attachment-2278\" class=\"wp-caption-text\">Superdry store \u00e0 Aix<\/figcaption><\/figure>\n<p>Ouverture d&rsquo;un magasin Superdry \u00a0\u00e0 Aix en Provence aux all\u00e9es Proven\u00e7ales.<\/p>\n<p>Venez nombreux d\u00e9couvrir toutes les cr\u00e9ations de cette \u00a0marque dans votre \u00a0Superdy store d&rsquo;Aix en Provence.<\/p>\n<p>L\u2019\u00e9quipe de votre magasin Superdry vous accueille du lundi au samedi de 10h \u00e0 19h30 et le dimanche 13h \u00e0 19h sur la grande place des all\u00e9es Proven\u00e7ales \u00e0 Aix en Provence.<\/p>\n<p>Inspir\u00e9 d\u2019un voyage \u00e0 Tokyo en 2003, le style Superdry fusionne des influences graphiques am\u00e9ricano-japonaises et les valeurs vestimentaires britanniques. Il en r\u00e9sulte des v\u00eatements urbains caract\u00e9ristiques, incroyablement distinctifs et dot\u00e9s d\u2019un niveau de d\u00e9tail in\u00e9gal\u00e9. Un tel caract\u00e8re a conf\u00e9r\u00e9 \u00e0 la marque un attrait exclusif, ainsi que la c\u00e9l\u00e9brit\u00e9 internationale qui en d\u00e9coule.<\/p>\n<p><a>Plus d&rsquo;informations sur: \u00a0\u00a0<\/a><a title=\"Superdry \u00e0 Aix en Provence\" href=\"https:\/\/www.superdry.fr\" target=\"_blank\">www.superdry.fr<\/a><\/p>\n<p><a href=\"http:\/\/www.tacoandco.fr\/wp-content\/uploads\/2013\/05\/SuperDry-\u00e0-Aix-en-Provence-Copier.jpg\"><img decoding=\"async\" class=\"aligncenter size-full wp-image-2277\" alt=\"SuperDry \u00e0 Aix en Provence (Copier)\" src=\"http:\/\/www.tacoandco.fr\/wp-content\/uploads\/2013\/05\/SuperDry-\u00e0-Aix-en-Provence-Copier.jpg\" width=\"450\" height=\"600\" srcset=\"https:\/\/www.tacoandco.fr\/wp-content\/uploads\/2013\/05\/SuperDry-\u00e0-Aix-en-Provence-Copier.jpg 450w, https:\/\/www.tacoandco.fr\/wp-content\/uploads\/2013\/05\/SuperDry-\u00e0-Aix-en-Provence-Copier-225x300.jpg 225w\" sizes=\"(max-width: 450px) 100vw, 450px\" \/><\/a><\/p>","protected":false},"excerpt":{"rendered":"<p>Ouverture d&rsquo;un magasin Superdry \u00a0\u00e0 Aix en Provence aux all\u00e9es Proven\u00e7ales. Venez nombreux d\u00e9couvrir toutes les cr\u00e9ations de cette \u00a0marque dans votre \u00a0Superdy store d&rsquo;Aix en Provence. L\u2019\u00e9quipe de votre magasin Superdry vous accueille du lundi au samedi de 10h \u00e0 19h30 et le dimanche 13h \u00e0 19h sur la grande place des all\u00e9es Proven\u00e7ales [&hellip;]<\/p>","protected":false},"author":2,"featured_media":2278,"comment_status":"closed","ping_status":"closed","sticky":false,"template":"","format":"standard","meta":{"footnotes":""},"categories":[4,3],"tags":[],"class_list":["post-2276","post","type-post","status-publish","format-standard","has-post-thumbnail","hentry","category-accueil","category-actualites","entry","has-media"],"aioseo_notices":[],"_links":{"self":[{"href":"https:\/\/www.tacoandco.fr\/en\/wp-json\/wp\/v2\/posts\/2276","targetHints":{"allow":["GET"]}}],"collection":[{"href":"https:\/\/www.tacoandco.fr\/en\/wp-json\/wp\/v2\/posts"}],"about":[{"href":"https:\/\/www.tacoandco.fr\/en\/wp-json\/wp\/v2\/types\/post"}],"author":[{"embeddable":true,"href":"https:\/\/www.tacoandco.fr\/en\/wp-json\/wp\/v2\/users\/2"}],"replies":[{"embeddable":true,"href":"https:\/\/www.tacoandco.fr\/en\/wp-json\/wp\/v2\/comments?post=2276"}],"version-history":[{"count":2,"href":"https:\/\/www.tacoandco.fr\/en\/wp-json\/wp\/v2\/posts\/2276\/revisions"}],"predecessor-version":[{"id":2690,"href":"https:\/\/www.tacoandco.fr\/en\/wp-json\/wp\/v2\/posts\/2276\/revisions\/2690"}],"wp:featuredmedia":[{"embeddable":true,"href":"https:\/\/www.tacoandco.fr\/en\/wp-json\/wp\/v2\/media\/2278"}],"wp:attachment":[{"href":"https:\/\/www.tacoandco.fr\/en\/wp-json\/wp\/v2\/media?parent=2276"}],"wp:term":[{"taxonomy":"category","embeddable":true,"href":"https:\/\/www.tacoandco.fr\/en\/wp-json\/wp\/v2\/categories?post=2276"},{"taxonomy":"post_tag","embeddable":true,"href":"https:\/\/www.tacoandco.fr\/en\/wp-json\/wp\/v2\/tags?post=2276"}],"curies":[{"name":"wp","href":"https:\/\/api.w.org\/{rel}","templated":true}]}}