{"id":2294,"date":"2013-06-04T06:59:13","date_gmt":"2013-06-04T06:59:13","guid":{"rendered":"http:\/\/www.tacoandco.fr\/?p=2294"},"modified":"2013-06-04T07:02:34","modified_gmt":"2013-06-04T07:02:34","slug":"les-suds-a-arles-festival-de-musique-du-monde-du-8-au-14-juillet-2013-a-arles-2","status":"publish","type":"post","link":"https:\/\/www.tacoandco.fr\/en\/blog\/2013\/06\/04\/les-suds-a-arles-festival-de-musique-du-monde-du-8-au-14-juillet-2013-a-arles-2\/","title":{"rendered":"Les Suds \u00e0 Arles, festival de musique du Monde,  du 8 au 14 Juillet 2013 \u00e0 Arles."},"content":{"rendered":"<p>La 18\u00e8me \u00e9dition du festival de musique du Monde,\u00a0\u00bb Les Suds \u00e0 Arles\u00a0\u00bb, aura lieu du 8 au 14 Juillet 2013 \u00e0 Arles.<\/p>\n<p>Au programme: Concerts au Th\u00e9atre Antique, Moments pr\u00e9cieux et d\u00e9couvertes musicales \u00e0 l&rsquo;Espace Van Gogh, les Ap\u00e9ros d\u00e9couvertes sur la Place Nina Berberova, les afters \u00e0 l&rsquo;atelier des Forges mais aussi la radio des suds ainsi que de nombreux stages&#8230;..<\/p>\n<p>En cette ann\u00e9e 2013 et dans le cadre de MP2013, Les Suds \u00e0 Arles vous propose \u00ab\u00a0La Nuit\u00a0\u00bb .Venez d\u00e9couvrir les 30 concerts organis\u00e9s \u00a0 le 14 Juillet de 19h \u00e0 7h \u00a0pour cloturer cette 18 \u00e8me \u00e9dition.<\/p>\n<p>Vivez au rythme des Suds du 8 au 14 Juillet 2013!!!!!<\/p>\n<figure id=\"attachment_2295\" aria-describedby=\"caption-attachment-2295\" style=\"width: 360px\" class=\"wp-caption aligncenter\"><a href=\"http:\/\/www.tacoandco.fr\/wp-content\/uploads\/2013\/06\/WP_20130603_002-Copier.jpg\"><img fetchpriority=\"high\" decoding=\"async\" class=\"size-full wp-image-2295\" alt=\"Les Suds \u00e0 Arles du 8 au 14 Juillet 2013\" src=\"http:\/\/www.tacoandco.fr\/wp-content\/uploads\/2013\/06\/WP_20130603_002-Copier.jpg\" width=\"360\" height=\"600\" srcset=\"https:\/\/www.tacoandco.fr\/wp-content\/uploads\/2013\/06\/WP_20130603_002-Copier.jpg 360w, https:\/\/www.tacoandco.fr\/wp-content\/uploads\/2013\/06\/WP_20130603_002-Copier-180x300.jpg 180w\" sizes=\"(max-width: 360px) 100vw, 360px\" \/><\/a><figcaption id=\"caption-attachment-2295\" class=\"wp-caption-text\">Les Suds \u00e0 Arles du 8 au 14 Juillet 2013<\/figcaption><\/figure>","protected":false},"excerpt":{"rendered":"<p>La 18\u00e8me \u00e9dition du festival de musique du Monde,\u00a0\u00bb Les Suds \u00e0 Arles\u00a0\u00bb, aura lieu du 8 au 14 Juillet 2013 \u00e0 Arles. Au programme: Concerts au Th\u00e9atre Antique, Moments pr\u00e9cieux et d\u00e9couvertes musicales \u00e0 l&rsquo;Espace Van Gogh, les Ap\u00e9ros d\u00e9couvertes sur la Place Nina Berberova, les afters \u00e0 l&rsquo;atelier des Forges mais aussi la [&hellip;]<\/p>","protected":false},"author":2,"featured_media":2295,"comment_status":"closed","ping_status":"closed","sticky":false,"template":"","format":"standard","meta":{"footnotes":""},"categories":[4,3],"tags":[],"class_list":["post-2294","post","type-post","status-publish","format-standard","has-post-thumbnail","hentry","category-accueil","category-actualites","entry","has-media"],"aioseo_notices":[],"_links":{"self":[{"href":"https:\/\/www.tacoandco.fr\/en\/wp-json\/wp\/v2\/posts\/2294","targetHints":{"allow":["GET"]}}],"collection":[{"href":"https:\/\/www.tacoandco.fr\/en\/wp-json\/wp\/v2\/posts"}],"about":[{"href":"https:\/\/www.tacoandco.fr\/en\/wp-json\/wp\/v2\/types\/post"}],"author":[{"embeddable":true,"href":"https:\/\/www.tacoandco.fr\/en\/wp-json\/wp\/v2\/users\/2"}],"replies":[{"embeddable":true,"href":"https:\/\/www.tacoandco.fr\/en\/wp-json\/wp\/v2\/comments?post=2294"}],"version-history":[{"count":0,"href":"https:\/\/www.tacoandco.fr\/en\/wp-json\/wp\/v2\/posts\/2294\/revisions"}],"wp:featuredmedia":[{"embeddable":true,"href":"https:\/\/www.tacoandco.fr\/en\/wp-json\/wp\/v2\/media\/2295"}],"wp:attachment":[{"href":"https:\/\/www.tacoandco.fr\/en\/wp-json\/wp\/v2\/media?parent=2294"}],"wp:term":[{"taxonomy":"category","embeddable":true,"href":"https:\/\/www.tacoandco.fr\/en\/wp-json\/wp\/v2\/categories?post=2294"},{"taxonomy":"post_tag","embeddable":true,"href":"https:\/\/www.tacoandco.fr\/en\/wp-json\/wp\/v2\/tags?post=2294"}],"curies":[{"name":"wp","href":"https:\/\/api.w.org\/{rel}","templated":true}]}}