{"id":2334,"date":"2013-06-16T05:58:24","date_gmt":"2013-06-16T05:58:24","guid":{"rendered":"http:\/\/www.tacoandco.fr\/?p=2334"},"modified":"2013-06-16T05:58:24","modified_gmt":"2013-06-16T05:58:24","slug":"les-fetes-darles-2013-voici-le-programme-du-comite-des-fetes-darles","status":"publish","type":"post","link":"https:\/\/www.tacoandco.fr\/en\/blog\/2013\/06\/16\/les-fetes-darles-2013-voici-le-programme-du-comite-des-fetes-darles\/","title":{"rendered":"Les f\u00eates d&rsquo;Arles 2013: Voici le programme du comit\u00e9 des f\u00eates d&rsquo;Arles."},"content":{"rendered":"<p>Pour les f\u00eates d&rsquo;Arles 2013, le comit\u00e9 des f\u00eates d&rsquo;Arles, festiv&rsquo;arles, vous propose un programme riche et vari\u00e9:<\/p>\n<p>Feux de la Saint Jean, P\u00e9goulado, concert des Stentors au Th\u00e9atre Antique, la f\u00eate du costume ou encore la cocarde d&rsquo;Or, le grand prix des boulistes&#8230;&#8230;Il y en aura pour tous les go\u00fbts \u00e0 Arles en 2013.<\/p>\n<p>A suivre Les rencontres d&rsquo;Arles, les escales du cargo, les Suds&#8230;..<\/p>\n<p>Plus d&rsquo;informations sur:\u00a0<a title=\"http:\/\/www.festivarles.com\/\" href=\"http:\/\/www.festivarles.com\/\" target=\"_blank\">http:\/\/www.festivarles.com\/<\/a><\/p>\n<figure id=\"attachment_2335\" aria-describedby=\"caption-attachment-2335\" style=\"width: 400px\" class=\"wp-caption aligncenter\"><a href=\"http:\/\/www.tacoandco.fr\/wp-content\/uploads\/2013\/06\/IMG_2682-Copier.jpg\"><img fetchpriority=\"high\" decoding=\"async\" class=\"size-full wp-image-2335\" alt=\"F\u00eates d'Arles 2013\" src=\"http:\/\/www.tacoandco.fr\/wp-content\/uploads\/2013\/06\/IMG_2682-Copier.jpg\" width=\"400\" height=\"600\" srcset=\"https:\/\/www.tacoandco.fr\/wp-content\/uploads\/2013\/06\/IMG_2682-Copier.jpg 400w, https:\/\/www.tacoandco.fr\/wp-content\/uploads\/2013\/06\/IMG_2682-Copier-200x300.jpg 200w\" sizes=\"(max-width: 400px) 100vw, 400px\" \/><\/a><figcaption id=\"caption-attachment-2335\" class=\"wp-caption-text\">F\u00eates d&rsquo;Arles 2013<\/figcaption><\/figure>\n<p>&nbsp;<\/p>","protected":false},"excerpt":{"rendered":"<p>Pour les f\u00eates d&rsquo;Arles 2013, le comit\u00e9 des f\u00eates d&rsquo;Arles, festiv&rsquo;arles, vous propose un programme riche et vari\u00e9: Feux de la Saint Jean, P\u00e9goulado, concert des Stentors au Th\u00e9atre Antique, la f\u00eate du costume ou encore la cocarde d&rsquo;Or, le grand prix des boulistes&#8230;&#8230;Il y en aura pour tous les go\u00fbts \u00e0 Arles en 2013. [&hellip;]<\/p>","protected":false},"author":2,"featured_media":2335,"comment_status":"closed","ping_status":"closed","sticky":false,"template":"","format":"standard","meta":{"footnotes":""},"categories":[4,3],"tags":[],"class_list":["post-2334","post","type-post","status-publish","format-standard","has-post-thumbnail","hentry","category-accueil","category-actualites","entry","has-media"],"aioseo_notices":[],"_links":{"self":[{"href":"https:\/\/www.tacoandco.fr\/en\/wp-json\/wp\/v2\/posts\/2334","targetHints":{"allow":["GET"]}}],"collection":[{"href":"https:\/\/www.tacoandco.fr\/en\/wp-json\/wp\/v2\/posts"}],"about":[{"href":"https:\/\/www.tacoandco.fr\/en\/wp-json\/wp\/v2\/types\/post"}],"author":[{"embeddable":true,"href":"https:\/\/www.tacoandco.fr\/en\/wp-json\/wp\/v2\/users\/2"}],"replies":[{"embeddable":true,"href":"https:\/\/www.tacoandco.fr\/en\/wp-json\/wp\/v2\/comments?post=2334"}],"version-history":[{"count":0,"href":"https:\/\/www.tacoandco.fr\/en\/wp-json\/wp\/v2\/posts\/2334\/revisions"}],"wp:featuredmedia":[{"embeddable":true,"href":"https:\/\/www.tacoandco.fr\/en\/wp-json\/wp\/v2\/media\/2335"}],"wp:attachment":[{"href":"https:\/\/www.tacoandco.fr\/en\/wp-json\/wp\/v2\/media?parent=2334"}],"wp:term":[{"taxonomy":"category","embeddable":true,"href":"https:\/\/www.tacoandco.fr\/en\/wp-json\/wp\/v2\/categories?post=2334"},{"taxonomy":"post_tag","embeddable":true,"href":"https:\/\/www.tacoandco.fr\/en\/wp-json\/wp\/v2\/tags?post=2334"}],"curies":[{"name":"wp","href":"https:\/\/api.w.org\/{rel}","templated":true}]}}