{"id":2350,"date":"2013-06-20T05:01:08","date_gmt":"2013-06-20T05:01:08","guid":{"rendered":"http:\/\/www.tacoandco.fr\/?p=2350"},"modified":"2013-06-20T05:55:35","modified_gmt":"2013-06-20T05:55:35","slug":"les-rencontres-darles-2013-transport-ecologique-avectaco-and-co-partenaire-du-festival-de-la-photographie-a-arles","status":"publish","type":"post","link":"https:\/\/www.tacoandco.fr\/en\/blog\/2013\/06\/20\/les-rencontres-darles-2013-transport-ecologique-avectaco-and-co-partenaire-du-festival-de-la-photographie-a-arles\/","title":{"rendered":"Les Rencontres d&rsquo;Arles 2013: Transport \u00e9cologique avecTaco and Co, partenaire du festival de la photographie \u00e0 Arles"},"content":{"rendered":"<p>Pendant toute la dur\u00e9e du festival des\u00a0<a id=\"_GPLITA_0\" title=\"Click to Continue &gt; by Text-Enhance\" href=\"http:\/\/www.tacoandco.fr\/en\/blog\/2012\/06\/26\/taco-and-co-vous-transporte-pendant-les-rencontres-darles-2012\/\">Rencontres<\/a>\u00a0d\u2019Arles, du 1er juillet au 22 Septembre 2013, Taco and Co et ses 4 v\u00e9los-taco vous proposent \u00a0un\u00a0syst\u00e8me\u00a0de navette rapide et \u00e9cologique entre les\u00a0diff\u00e9rents\u00a0sites d\u2019expositions \u00e0 partir de 4 euros.<\/p>\n<p>N\u2019 h\u00e9sitez pas \u00e0 utiliser nos services, c\u2019est le transport id\u00e9al pour se d\u00e9placer rapidement dans la ville., pour aller aux Restaurants, \u00e0 l&rsquo;h\u00f4tel&#8230;&#8230;<\/p>\n<p>Liaison Gares SNCF-Centre ville d&rsquo;Arles \u00e0 partir de 5 euros<\/p>\n<p>Vous pouvez nous joindre au 0650296000.<\/p>\n<p>Nos \u00a0v\u00e9los vous transportent de site en site de 8h \u00e0 22h, \u00a0r\u00e9servation\u00a0apr\u00e8s 2o heures.<\/p>\n<p>.Pour les plus sportifs nous louons \u00e9galement des v\u00e9los en gare d&rsquo;Arles.<\/p>\n<p>Pour plus d\u2019informations:\u00a0<a href=\"http:\/\/www.rencontres-arles.com\/\" target=\"_blank\">http:\/\/www.rencontres-arles.com<\/a><\/p>\n<dl class=\"wp-caption aligncenter\" id=\"attachment_2348\" style=\"width: 410px\">\n<dt class=\"wp-caption-dt\"><\/dt>\n<\/dl>\n<figure id=\"attachment_2344\" aria-describedby=\"caption-attachment-2344\" style=\"width: 800px\" class=\"wp-caption aligncenter\"><a href=\"http:\/\/www.tacoandco.fr\/wp-content\/uploads\/2013\/06\/IMG_2737-Copier.jpg\"><img fetchpriority=\"high\" decoding=\"async\" class=\"size-full wp-image-2344\" alt=\"Transport \u00e9cologique pendant Les Rencontres d'Arles 2013\" src=\"http:\/\/www.tacoandco.fr\/wp-content\/uploads\/2013\/06\/IMG_2737-Copier.jpg\" width=\"800\" height=\"533\" srcset=\"https:\/\/www.tacoandco.fr\/wp-content\/uploads\/2013\/06\/IMG_2737-Copier.jpg 800w, https:\/\/www.tacoandco.fr\/wp-content\/uploads\/2013\/06\/IMG_2737-Copier-300x199.jpg 300w\" sizes=\"(max-width: 800px) 100vw, 800px\" \/><\/a><figcaption id=\"caption-attachment-2344\" class=\"wp-caption-text\">Transport \u00e9cologique pendant Les Rencontres d&rsquo;Arles 2013<\/figcaption><\/figure>","protected":false},"excerpt":{"rendered":"<p>Pendant toute la dur\u00e9e du festival des\u00a0Rencontres\u00a0d\u2019Arles, du 1er juillet au 22 Septembre 2013, Taco and Co et ses 4 v\u00e9los-taco vous proposent \u00a0un\u00a0syst\u00e8me\u00a0de navette rapide et \u00e9cologique entre les\u00a0diff\u00e9rents\u00a0sites d\u2019expositions \u00e0 partir de 4 euros. N\u2019 h\u00e9sitez pas \u00e0 utiliser nos services, c\u2019est le transport id\u00e9al pour se d\u00e9placer rapidement dans la ville., pour [&hellip;]<\/p>","protected":false},"author":2,"featured_media":2341,"comment_status":"closed","ping_status":"closed","sticky":false,"template":"","format":"standard","meta":{"footnotes":""},"categories":[4,3],"tags":[],"class_list":["post-2350","post","type-post","status-publish","format-standard","has-post-thumbnail","hentry","category-accueil","category-actualites","entry","has-media"],"aioseo_notices":[],"_links":{"self":[{"href":"https:\/\/www.tacoandco.fr\/en\/wp-json\/wp\/v2\/posts\/2350","targetHints":{"allow":["GET"]}}],"collection":[{"href":"https:\/\/www.tacoandco.fr\/en\/wp-json\/wp\/v2\/posts"}],"about":[{"href":"https:\/\/www.tacoandco.fr\/en\/wp-json\/wp\/v2\/types\/post"}],"author":[{"embeddable":true,"href":"https:\/\/www.tacoandco.fr\/en\/wp-json\/wp\/v2\/users\/2"}],"replies":[{"embeddable":true,"href":"https:\/\/www.tacoandco.fr\/en\/wp-json\/wp\/v2\/comments?post=2350"}],"version-history":[{"count":0,"href":"https:\/\/www.tacoandco.fr\/en\/wp-json\/wp\/v2\/posts\/2350\/revisions"}],"wp:featuredmedia":[{"embeddable":true,"href":"https:\/\/www.tacoandco.fr\/en\/wp-json\/wp\/v2\/media\/2341"}],"wp:attachment":[{"href":"https:\/\/www.tacoandco.fr\/en\/wp-json\/wp\/v2\/media?parent=2350"}],"wp:term":[{"taxonomy":"category","embeddable":true,"href":"https:\/\/www.tacoandco.fr\/en\/wp-json\/wp\/v2\/categories?post=2350"},{"taxonomy":"post_tag","embeddable":true,"href":"https:\/\/www.tacoandco.fr\/en\/wp-json\/wp\/v2\/tags?post=2350"}],"curies":[{"name":"wp","href":"https:\/\/api.w.org\/{rel}","templated":true}]}}