{"id":2352,"date":"2013-06-22T13:56:38","date_gmt":"2013-06-22T13:56:38","guid":{"rendered":"http:\/\/www.tacoandco.fr\/?p=2352"},"modified":"2014-03-05T16:14:46","modified_gmt":"2014-03-05T16:14:46","slug":"les-rencontres-darles-2013-taco-and-co-partenaire-du-festival-de-la-photographie-a-arles","status":"publish","type":"post","link":"https:\/\/www.tacoandco.fr\/en\/blog\/2013\/06\/22\/les-rencontres-darles-2013-taco-and-co-partenaire-du-festival-de-la-photographie-a-arles\/","title":{"rendered":"Les Rencontres d&rsquo;Arles 2013: Taco and Co, partenaire du festival de la photographie \u00e0 Arles"},"content":{"rendered":"<p>Pour la 4\u00e9me ann\u00e9e cons\u00e9cutive,\u00a0<strong>Taco and Co<\/strong>\u00a0s\u2019associe aux\u00a0<a id=\"_GPLITA_0\" title=\"Click to Continue &gt; by Text-Enhance\" href=\"http:\/\/www.tacoandco.fr\/en\/blog\/2012\/06\/24\/taco-and-co-partenaire-des-rencontres-darles-2012\/\">Rencontres<\/a>\u00a0d&rsquo;Arles, festival\u00a0International de la photographie d\u2019Arles \u00a0pour vous faire d\u00e9couvrir jusqu\u2019\u00e0 60 expositions du 1 Juillet au 22 Septembre 2013.<\/p>\n<p>Nos \u00a0v\u00e9los vous transportent de site en site de 8h \u00e0 22h, \u00a0r\u00e9servation\u00a0apr\u00e8s 2o heures.<\/p>\n<p>Deux gares Taco and co sont pr\u00e9vus devant les billetteries des\u00a0Rencontres \u00a0place de la R\u00e9publique et aux ateliers SNCF.<\/p>\n<p>Vous pouvez \u00e9galement utiliser nos services pour vous rendre \u00e0 la gare, au restaurant, aux mus\u00e9es&#8230;&#8230;Pour les plus sportifs nous louons \u00e9galement des v\u00e9los en gare d&rsquo;Arles.<\/p>\n<p>La semaine d\u2019ouverture se\u00a0d\u00e9roulera\u00a0du 1 au 8 juillet 2012 avec de nombreuses inaugurations.<\/p>\n<p>Pour plus d\u2019informations:\u00a0<a href=\"http:\/\/www.rencontres-arles.com\/\" target=\"_blank\">http:\/\/www.rencontres-arles.com<\/a><\/p>\n<figure id=\"attachment_2348\" aria-describedby=\"caption-attachment-2348\" style=\"width: 400px\" class=\"wp-caption aligncenter\"><a href=\"http:\/\/www.tacoandco.fr\/wp-content\/uploads\/2013\/06\/IMG_2742-Copier.jpg\"><img fetchpriority=\"high\" decoding=\"async\" class=\"size-full wp-image-2348\" alt=\"Arles in Black, Rencontres d'Arles 2013\" src=\"http:\/\/www.tacoandco.fr\/wp-content\/uploads\/2013\/06\/IMG_2742-Copier.jpg\" width=\"400\" height=\"600\" srcset=\"https:\/\/www.tacoandco.fr\/wp-content\/uploads\/2013\/06\/IMG_2742-Copier.jpg 400w, https:\/\/www.tacoandco.fr\/wp-content\/uploads\/2013\/06\/IMG_2742-Copier-200x300.jpg 200w\" sizes=\"(max-width: 400px) 100vw, 400px\" \/><\/a><figcaption id=\"caption-attachment-2348\" class=\"wp-caption-text\">Arles in Black, Rencontres d&rsquo;Arles 2013<\/figcaption><\/figure>","protected":false},"excerpt":{"rendered":"<p>Pour la 4\u00e9me ann\u00e9e cons\u00e9cutive,\u00a0Taco and Co\u00a0s\u2019associe aux\u00a0Rencontres\u00a0d&rsquo;Arles, festival\u00a0International de la photographie d\u2019Arles \u00a0pour vous faire d\u00e9couvrir jusqu\u2019\u00e0 60 expositions du 1 Juillet au 22 Septembre 2013. Nos \u00a0v\u00e9los vous transportent de site en site de 8h \u00e0 22h, \u00a0r\u00e9servation\u00a0apr\u00e8s 2o heures. Deux gares Taco and co sont pr\u00e9vus devant les billetteries des\u00a0Rencontres \u00a0place de [&hellip;]<\/p>","protected":false},"author":2,"featured_media":2347,"comment_status":"closed","ping_status":"closed","sticky":false,"template":"","format":"standard","meta":{"footnotes":""},"categories":[4,3,11,12],"tags":[],"class_list":["post-2352","post","type-post","status-publish","format-standard","has-post-thumbnail","hentry","category-accueil","category-actualites","category-ilsnousontfaitconfiance","category-associations","entry","has-media"],"aioseo_notices":[],"_links":{"self":[{"href":"https:\/\/www.tacoandco.fr\/en\/wp-json\/wp\/v2\/posts\/2352","targetHints":{"allow":["GET"]}}],"collection":[{"href":"https:\/\/www.tacoandco.fr\/en\/wp-json\/wp\/v2\/posts"}],"about":[{"href":"https:\/\/www.tacoandco.fr\/en\/wp-json\/wp\/v2\/types\/post"}],"author":[{"embeddable":true,"href":"https:\/\/www.tacoandco.fr\/en\/wp-json\/wp\/v2\/users\/2"}],"replies":[{"embeddable":true,"href":"https:\/\/www.tacoandco.fr\/en\/wp-json\/wp\/v2\/comments?post=2352"}],"version-history":[{"count":1,"href":"https:\/\/www.tacoandco.fr\/en\/wp-json\/wp\/v2\/posts\/2352\/revisions"}],"predecessor-version":[{"id":2810,"href":"https:\/\/www.tacoandco.fr\/en\/wp-json\/wp\/v2\/posts\/2352\/revisions\/2810"}],"wp:featuredmedia":[{"embeddable":true,"href":"https:\/\/www.tacoandco.fr\/en\/wp-json\/wp\/v2\/media\/2347"}],"wp:attachment":[{"href":"https:\/\/www.tacoandco.fr\/en\/wp-json\/wp\/v2\/media?parent=2352"}],"wp:term":[{"taxonomy":"category","embeddable":true,"href":"https:\/\/www.tacoandco.fr\/en\/wp-json\/wp\/v2\/categories?post=2352"},{"taxonomy":"post_tag","embeddable":true,"href":"https:\/\/www.tacoandco.fr\/en\/wp-json\/wp\/v2\/tags?post=2352"}],"curies":[{"name":"wp","href":"https:\/\/api.w.org\/{rel}","templated":true}]}}