{"id":2420,"date":"2013-07-05T10:34:50","date_gmt":"2013-07-05T10:34:50","guid":{"rendered":"http:\/\/www.tacoandco.fr\/?p=2420"},"modified":"2013-07-05T17:08:43","modified_gmt":"2013-07-05T17:08:43","slug":"festival-des-suds-a-arles-du-8-au-14-juillet-2013","status":"publish","type":"post","link":"https:\/\/www.tacoandco.fr\/en\/blog\/2013\/07\/05\/festival-des-suds-a-arles-du-8-au-14-juillet-2013\/","title":{"rendered":"Festival Les Suds \u00e0 Arles du 8 au 14 juillet 2013"},"content":{"rendered":"<p>J-3 avant l&rsquo;ouverture du c\u00e9l\u00e8bre Festival Les Suds \u00e0 Arles qui aura lieu du 8 au 14 juillet 2013 \u00e0 Arles<\/p>\n<p>R\u00e9servez vos places de concerts et\/ou votre place \u00e0 un des nombreux stages propos\u00e9s sur <a title=\"www.suds-arles.com\" href=\"\/en\/www.suds-arles.com\/\" target=\"_blank\">www.suds-arles.com<\/a><\/p>\n<p>Pensez aussi \u00e0 r\u00e9server un de nos v\u00e9lo-taco pour vous d\u00e9placer de sc\u00e8ne en sc\u00e8ne. Nous proposons \u00e9galement des v\u00e9los en location ainsi qu&rsquo;un service de consigne \u00e0 bagages.<\/p>\n<p>Pour tout renseignement, n&rsquo;h\u00e9sitez pas \u00e0 nous contacter avec le formulaire de contact ci-dessous:<\/p>\n<figure id=\"attachment_2421\" aria-describedby=\"caption-attachment-2421\" style=\"width: 360px\" class=\"wp-caption aligncenter\"><a href=\"http:\/\/www.tacoandco.fr\/wp-content\/uploads\/2013\/07\/Les-Suds-2013-\u00e0-Arles-Copier.jpg\"><img fetchpriority=\"high\" decoding=\"async\" class=\"size-full wp-image-2421\" alt=\"Festival des Suds \u00e0 Arles du 8 au 14 juillet 2013\" src=\"http:\/\/www.tacoandco.fr\/wp-content\/uploads\/2013\/07\/Les-Suds-2013-\u00e0-Arles-Copier.jpg\" width=\"360\" height=\"600\" \/><\/a><figcaption id=\"caption-attachment-2421\" class=\"wp-caption-text\">Festival des Suds \u00e0 Arles du 8 au 14 juillet 2013<\/figcaption><\/figure>\n<p><!--cforms name=\"Contact\"--><\/p>\n<p>&nbsp;<\/p>\n<p>&nbsp;<\/p>","protected":false},"excerpt":{"rendered":"<p>J-3 avant l&rsquo;ouverture du c\u00e9l\u00e8bre Festival Les Suds \u00e0 Arles qui aura lieu du 8 au 14 juillet 2013 \u00e0 Arles R\u00e9servez vos places de concerts et\/ou votre place \u00e0 un des nombreux stages propos\u00e9s sur www.suds-arles.com Pensez aussi \u00e0 r\u00e9server un de nos v\u00e9lo-taco pour vous d\u00e9placer de sc\u00e8ne en sc\u00e8ne. Nous proposons \u00e9galement [&hellip;]<\/p>","protected":false},"author":2,"featured_media":0,"comment_status":"closed","ping_status":"closed","sticky":false,"template":"","format":"standard","meta":{"footnotes":""},"categories":[4,3],"tags":[],"class_list":["post-2420","post","type-post","status-publish","format-standard","hentry","category-accueil","category-actualites","entry"],"aioseo_notices":[],"_links":{"self":[{"href":"https:\/\/www.tacoandco.fr\/en\/wp-json\/wp\/v2\/posts\/2420","targetHints":{"allow":["GET"]}}],"collection":[{"href":"https:\/\/www.tacoandco.fr\/en\/wp-json\/wp\/v2\/posts"}],"about":[{"href":"https:\/\/www.tacoandco.fr\/en\/wp-json\/wp\/v2\/types\/post"}],"author":[{"embeddable":true,"href":"https:\/\/www.tacoandco.fr\/en\/wp-json\/wp\/v2\/users\/2"}],"replies":[{"embeddable":true,"href":"https:\/\/www.tacoandco.fr\/en\/wp-json\/wp\/v2\/comments?post=2420"}],"version-history":[{"count":0,"href":"https:\/\/www.tacoandco.fr\/en\/wp-json\/wp\/v2\/posts\/2420\/revisions"}],"wp:attachment":[{"href":"https:\/\/www.tacoandco.fr\/en\/wp-json\/wp\/v2\/media?parent=2420"}],"wp:term":[{"taxonomy":"category","embeddable":true,"href":"https:\/\/www.tacoandco.fr\/en\/wp-json\/wp\/v2\/categories?post=2420"},{"taxonomy":"post_tag","embeddable":true,"href":"https:\/\/www.tacoandco.fr\/en\/wp-json\/wp\/v2\/tags?post=2420"}],"curies":[{"name":"wp","href":"https:\/\/api.w.org\/{rel}","templated":true}]}}