{"id":2447,"date":"2013-07-15T07:12:52","date_gmt":"2013-07-15T07:12:52","guid":{"rendered":"http:\/\/www.tacoandco.fr\/?p=2447"},"modified":"2013-07-15T07:12:52","modified_gmt":"2013-07-15T07:12:52","slug":"les-suds-a-arles-taco-and-co-transporte-les-artistes-pendant-tout-le-festival","status":"publish","type":"post","link":"https:\/\/www.tacoandco.fr\/en\/blog\/2013\/07\/15\/les-suds-a-arles-taco-and-co-transporte-les-artistes-pendant-tout-le-festival\/","title":{"rendered":"Les Suds \u00e0 Arles, Taco and Co transporte les artistes pendant tout le festival&#8230;."},"content":{"rendered":"<p>Le festival Les Suds \u00e0 Arles se termine. Taco and Co \u00a0raccompagne les dernier musiciens \u00e0 la gare dont Seydou Dram\u00e9 et sa fille Coumba.<br \/>\nBonne route et \u00e0 l&rsquo;ann\u00e9e prochaine!!!!!<br \/>\nA d\u00e9couvrir le site de Seydou:\u00a0<a href=\"http:\/\/www.seydoudrame.net\/\" target=\"_blank\" rel=\"nofollow nofollow\">www.seydoudrame.net<\/a><\/p>\n<p>Merci au festival des Suds pour leur confiance et \u00e0 Seydou pour la photo<\/p>\n<figure id=\"attachment_2448\" aria-describedby=\"caption-attachment-2448\" style=\"width: 800px\" class=\"wp-caption aligncenter\"><a href=\"http:\/\/www.tacoandco.fr\/wp-content\/uploads\/2013\/07\/Transport-Suds-\u00e0-Arles-Copier.jpg\"><img fetchpriority=\"high\" decoding=\"async\" class=\"size-full wp-image-2448\" alt=\"Seydou Dram\u00e9 en Taco pour le festival des Suds \u00e0 Arles\" src=\"http:\/\/www.tacoandco.fr\/wp-content\/uploads\/2013\/07\/Transport-Suds-\u00e0-Arles-Copier.jpg\" width=\"800\" height=\"600\" srcset=\"https:\/\/www.tacoandco.fr\/wp-content\/uploads\/2013\/07\/Transport-Suds-\u00e0-Arles-Copier.jpg 800w, https:\/\/www.tacoandco.fr\/wp-content\/uploads\/2013\/07\/Transport-Suds-\u00e0-Arles-Copier-300x225.jpg 300w\" sizes=\"(max-width: 800px) 100vw, 800px\" \/><\/a><figcaption id=\"caption-attachment-2448\" class=\"wp-caption-text\">Seydou Dram\u00e9 en Taco pour le festival des Suds \u00e0 Arles<\/figcaption><\/figure>\n<p>&nbsp;<\/p>","protected":false},"excerpt":{"rendered":"<p>Le festival Les Suds \u00e0 Arles se termine. Taco and Co \u00a0raccompagne les dernier musiciens \u00e0 la gare dont Seydou Dram\u00e9 et sa fille Coumba. Bonne route et \u00e0 l&rsquo;ann\u00e9e prochaine!!!!! A d\u00e9couvrir le site de Seydou:\u00a0www.seydoudrame.net Merci au festival des Suds pour leur confiance et \u00e0 Seydou pour la photo &nbsp;<\/p>","protected":false},"author":2,"featured_media":2448,"comment_status":"closed","ping_status":"closed","sticky":false,"template":"","format":"standard","meta":{"footnotes":""},"categories":[4,3,11,23,12,24],"tags":[],"class_list":["post-2447","post","type-post","status-publish","format-standard","has-post-thumbnail","hentry","category-accueil","category-actualites","category-ilsnousontfaitconfiance","category-ilsparlentdenous","category-associations","category-nosclients","entry","has-media"],"aioseo_notices":[],"_links":{"self":[{"href":"https:\/\/www.tacoandco.fr\/en\/wp-json\/wp\/v2\/posts\/2447","targetHints":{"allow":["GET"]}}],"collection":[{"href":"https:\/\/www.tacoandco.fr\/en\/wp-json\/wp\/v2\/posts"}],"about":[{"href":"https:\/\/www.tacoandco.fr\/en\/wp-json\/wp\/v2\/types\/post"}],"author":[{"embeddable":true,"href":"https:\/\/www.tacoandco.fr\/en\/wp-json\/wp\/v2\/users\/2"}],"replies":[{"embeddable":true,"href":"https:\/\/www.tacoandco.fr\/en\/wp-json\/wp\/v2\/comments?post=2447"}],"version-history":[{"count":0,"href":"https:\/\/www.tacoandco.fr\/en\/wp-json\/wp\/v2\/posts\/2447\/revisions"}],"wp:featuredmedia":[{"embeddable":true,"href":"https:\/\/www.tacoandco.fr\/en\/wp-json\/wp\/v2\/media\/2448"}],"wp:attachment":[{"href":"https:\/\/www.tacoandco.fr\/en\/wp-json\/wp\/v2\/media?parent=2447"}],"wp:term":[{"taxonomy":"category","embeddable":true,"href":"https:\/\/www.tacoandco.fr\/en\/wp-json\/wp\/v2\/categories?post=2447"},{"taxonomy":"post_tag","embeddable":true,"href":"https:\/\/www.tacoandco.fr\/en\/wp-json\/wp\/v2\/tags?post=2447"}],"curies":[{"name":"wp","href":"https:\/\/api.w.org\/{rel}","templated":true}]}}