{"id":2532,"date":"2013-08-26T10:08:21","date_gmt":"2013-08-26T10:08:21","guid":{"rendered":"http:\/\/www.tacoandco.fr\/?p=2532"},"modified":"2013-08-26T10:08:21","modified_gmt":"2013-08-26T10:08:21","slug":"tournoi-des-commercants-darles-samedi-31-aout-2013-sur-la-place-de-la-republique","status":"publish","type":"post","link":"https:\/\/www.tacoandco.fr\/en\/blog\/2013\/08\/26\/tournoi-des-commercants-darles-samedi-31-aout-2013-sur-la-place-de-la-republique\/","title":{"rendered":"Tournoi des commer\u00e7ants d&rsquo;Arles samedi 31 Ao\u00fbt 2013 sur la place de la r\u00e9publique."},"content":{"rendered":"<p>Le tournoi des commer\u00e7ants d&rsquo;Arles aura lieu le samedi 31 Ao\u00fbt 2013 sur la place de la R\u00e9publique d&rsquo;Arles \u00e0 partir de 14h.<\/p>\n<p>Le tournoi des commer\u00e7ants \u00a0d&rsquo;Arles 2013 organis\u00e9 par S\u00e9bastien Piocelle et son association les deux roses, verra s&rsquo;opposer 12 \u00e9quipes en 2\/2 sur un terrain synth\u00e9tique au c\u0153ur de la ville d&rsquo;Arles sur la place de la r\u00e9publique.<\/p>\n<p>Venez nombreux assister \u00e0 ce tournoi bon enfant \u00e0 partir de 14h&#8230;.<\/p>\n<figure id=\"attachment_2533\" aria-describedby=\"caption-attachment-2533\" style=\"width: 200px\" class=\"wp-caption aligncenter\"><a href=\"http:\/\/www.tacoandco.fr\/wp-content\/uploads\/2013\/08\/Le-tournoi-des-commer\u00e7ants-dArles-samedi-31-Ao\u00fbt-2013.jpg\"><img fetchpriority=\"high\" decoding=\"async\" class=\"size-medium wp-image-2533\" alt=\"Le tournoi des commer\u00e7ants d'Arles, samedi 31 Ao\u00fbt 2013\" src=\"http:\/\/www.tacoandco.fr\/wp-content\/uploads\/2013\/08\/Le-tournoi-des-commer\u00e7ants-dArles-samedi-31-Ao\u00fbt-2013-200x300.jpg\" width=\"200\" height=\"300\" srcset=\"https:\/\/www.tacoandco.fr\/wp-content\/uploads\/2013\/08\/Le-tournoi-des-commer\u00e7ants-dArles-samedi-31-Ao\u00fbt-2013-200x300.jpg 200w, https:\/\/www.tacoandco.fr\/wp-content\/uploads\/2013\/08\/Le-tournoi-des-commer\u00e7ants-dArles-samedi-31-Ao\u00fbt-2013.jpg 400w\" sizes=\"(max-width: 200px) 100vw, 200px\" \/><\/a><figcaption id=\"caption-attachment-2533\" class=\"wp-caption-text\">Le tournoi des commer\u00e7ants d&rsquo;Arles, samedi 31 Ao\u00fbt 2013<\/figcaption><\/figure>","protected":false},"excerpt":{"rendered":"<p>Le tournoi des commer\u00e7ants d&rsquo;Arles aura lieu le samedi 31 Ao\u00fbt 2013 sur la place de la R\u00e9publique d&rsquo;Arles \u00e0 partir de 14h. Le tournoi des commer\u00e7ants \u00a0d&rsquo;Arles 2013 organis\u00e9 par S\u00e9bastien Piocelle et son association les deux roses, verra s&rsquo;opposer 12 \u00e9quipes en 2\/2 sur un terrain synth\u00e9tique au c\u0153ur de la ville d&rsquo;Arles [&hellip;]<\/p>","protected":false},"author":2,"featured_media":2534,"comment_status":"closed","ping_status":"closed","sticky":false,"template":"","format":"standard","meta":{"footnotes":""},"categories":[4,3],"tags":[],"class_list":["post-2532","post","type-post","status-publish","format-standard","has-post-thumbnail","hentry","category-accueil","category-actualites","entry","has-media"],"aioseo_notices":[],"_links":{"self":[{"href":"https:\/\/www.tacoandco.fr\/en\/wp-json\/wp\/v2\/posts\/2532","targetHints":{"allow":["GET"]}}],"collection":[{"href":"https:\/\/www.tacoandco.fr\/en\/wp-json\/wp\/v2\/posts"}],"about":[{"href":"https:\/\/www.tacoandco.fr\/en\/wp-json\/wp\/v2\/types\/post"}],"author":[{"embeddable":true,"href":"https:\/\/www.tacoandco.fr\/en\/wp-json\/wp\/v2\/users\/2"}],"replies":[{"embeddable":true,"href":"https:\/\/www.tacoandco.fr\/en\/wp-json\/wp\/v2\/comments?post=2532"}],"version-history":[{"count":0,"href":"https:\/\/www.tacoandco.fr\/en\/wp-json\/wp\/v2\/posts\/2532\/revisions"}],"wp:featuredmedia":[{"embeddable":true,"href":"https:\/\/www.tacoandco.fr\/en\/wp-json\/wp\/v2\/media\/2534"}],"wp:attachment":[{"href":"https:\/\/www.tacoandco.fr\/en\/wp-json\/wp\/v2\/media?parent=2532"}],"wp:term":[{"taxonomy":"category","embeddable":true,"href":"https:\/\/www.tacoandco.fr\/en\/wp-json\/wp\/v2\/categories?post=2532"},{"taxonomy":"post_tag","embeddable":true,"href":"https:\/\/www.tacoandco.fr\/en\/wp-json\/wp\/v2\/tags?post=2532"}],"curies":[{"name":"wp","href":"https:\/\/api.w.org\/{rel}","templated":true}]}}