{"id":2538,"date":"2013-08-27T08:04:04","date_gmt":"2013-08-27T08:04:04","guid":{"rendered":"http:\/\/www.tacoandco.fr\/?p=2538"},"modified":"2013-08-27T08:20:59","modified_gmt":"2013-08-27T08:20:59","slug":"festival-arelate-2013-a-arlestransport-ludique-pour-toute-la-famille-avec-taco-and-co","status":"publish","type":"post","link":"https:\/\/www.tacoandco.fr\/en\/blog\/2013\/08\/27\/festival-arelate-2013-a-arlestransport-ludique-pour-toute-la-famille-avec-taco-and-co\/","title":{"rendered":"Festival Arelate 2013 \u00e0 Arles:Transport ludique pour toute la famille avec Taco and Co"},"content":{"rendered":"<p>A l&rsquo;occasion du \u00a0festival Arelate, journ\u00e9es romaines d&rsquo;Arles du 25 Ao\u00fbt au 1er Septembre 2013, Taco and Co vous offre un service de d\u00e9placement ludique pour toute la famille.<\/p>\n<p>Vivez l&rsquo;Arles antique en famille pendant le festival Arelate et d\u00e9couvrez les jeux du cirque, les combats de gladiateurs, les heures antiques, les visites th\u00e9\u00e2tralis\u00e9es, les d\u00e9monstrations militaires ou encore le th\u00e9\u00e2tre de rue et le campement romain.<\/p>\n<p>Pour vous permettre de vous rendre facilement de spectacles en spectacles, Taco and Co vous propose un d\u00e9placement rapide, personnalis\u00e9 et ludique \u00e0 partir de 5 euros.<\/p>\n<p>Plus d&rsquo;infos sur ce tr\u00e8s beau festival sur: <a title=\"www.festival-arelate.com\" href=\"\/en\/www.festival-arelate.com\/\" target=\"_blank\">www.festival-arelate.com<\/a><\/p>\n<figure id=\"attachment_2539\" aria-describedby=\"caption-attachment-2539\" style=\"width: 200px\" class=\"wp-caption aligncenter\"><a href=\"http:\/\/www.tacoandco.fr\/wp-content\/uploads\/2013\/08\/Festival-Arelate-du-25-Ao\u00fbt-au-1er-Septembre-\u00e0-Arles-Copier1.jpg\"><img fetchpriority=\"high\" decoding=\"async\" class=\"size-medium wp-image-2539\" alt=\"Festival Arelate du 25 Ao\u00fbt au 1er Septembre \u00e0 Arles \" src=\"http:\/\/www.tacoandco.fr\/wp-content\/uploads\/2013\/08\/Festival-Arelate-du-25-Ao\u00fbt-au-1er-Septembre-\u00e0-Arles-Copier1-200x300.jpg\" width=\"200\" height=\"300\" srcset=\"https:\/\/www.tacoandco.fr\/wp-content\/uploads\/2013\/08\/Festival-Arelate-du-25-Ao\u00fbt-au-1er-Septembre-\u00e0-Arles-Copier1-200x300.jpg 200w, https:\/\/www.tacoandco.fr\/wp-content\/uploads\/2013\/08\/Festival-Arelate-du-25-Ao\u00fbt-au-1er-Septembre-\u00e0-Arles-Copier1.jpg 400w\" sizes=\"(max-width: 200px) 100vw, 200px\" \/><\/a><figcaption id=\"caption-attachment-2539\" class=\"wp-caption-text\">Festival Arelate du 25 Ao\u00fbt au 1er Septembre \u00e0 Arles<\/figcaption><\/figure>\n<figure id=\"attachment_2502\" aria-describedby=\"caption-attachment-2502\" style=\"width: 200px\" class=\"wp-caption aligncenter\"><a href=\"http:\/\/www.tacoandco.fr\/wp-content\/uploads\/2013\/08\/famille-taco-Copier1.jpg\"><img decoding=\"async\" class=\"size-medium wp-image-2502\" alt=\"une famille en v\u00e9lo taco pendant Arelate\" src=\"http:\/\/www.tacoandco.fr\/wp-content\/uploads\/2013\/08\/famille-taco-Copier1-200x300.jpg\" width=\"200\" height=\"300\" srcset=\"https:\/\/www.tacoandco.fr\/wp-content\/uploads\/2013\/08\/famille-taco-Copier1-200x300.jpg 200w, https:\/\/www.tacoandco.fr\/wp-content\/uploads\/2013\/08\/famille-taco-Copier1.jpg 400w\" sizes=\"(max-width: 200px) 100vw, 200px\" \/><\/a><figcaption id=\"caption-attachment-2502\" class=\"wp-caption-text\">une famille en v\u00e9lo taco pendant Arelate<\/figcaption><\/figure>\n<p>&nbsp;<\/p>\n<figure id=\"attachment_2540\" aria-describedby=\"caption-attachment-2540\" style=\"width: 300px\" class=\"wp-caption aligncenter\"><a href=\"http:\/\/www.tacoandco.fr\/wp-content\/uploads\/2013\/08\/WP_20130817_002-Copier.jpg\"><img decoding=\"async\" class=\"size-medium wp-image-2540\" alt=\"Festival Arelate 2013 \u00e0 Arles\" src=\"http:\/\/www.tacoandco.fr\/wp-content\/uploads\/2013\/08\/WP_20130817_002-Copier-300x180.jpg\" width=\"300\" height=\"180\" srcset=\"https:\/\/www.tacoandco.fr\/wp-content\/uploads\/2013\/08\/WP_20130817_002-Copier-300x180.jpg 300w, https:\/\/www.tacoandco.fr\/wp-content\/uploads\/2013\/08\/WP_20130817_002-Copier.jpg 800w\" sizes=\"(max-width: 300px) 100vw, 300px\" \/><\/a><figcaption id=\"caption-attachment-2540\" class=\"wp-caption-text\">Festival Arelate 2013 \u00e0 Arles<\/figcaption><\/figure>\n<p>&nbsp;<\/p>\n<p>&nbsp;<\/p>\n<p>&nbsp;<\/p>\n<p>&nbsp;<\/p>","protected":false},"excerpt":{"rendered":"<p>A l&rsquo;occasion du \u00a0festival Arelate, journ\u00e9es romaines d&rsquo;Arles du 25 Ao\u00fbt au 1er Septembre 2013, Taco and Co vous offre un service de d\u00e9placement ludique pour toute la famille. Vivez l&rsquo;Arles antique en famille pendant le festival Arelate et d\u00e9couvrez les jeux du cirque, les combats de gladiateurs, les heures antiques, les visites th\u00e9\u00e2tralis\u00e9es, les [&hellip;]<\/p>","protected":false},"author":2,"featured_media":2540,"comment_status":"closed","ping_status":"closed","sticky":false,"template":"","format":"standard","meta":{"footnotes":""},"categories":[4,3],"tags":[],"class_list":["post-2538","post","type-post","status-publish","format-standard","has-post-thumbnail","hentry","category-accueil","category-actualites","entry","has-media"],"aioseo_notices":[],"_links":{"self":[{"href":"https:\/\/www.tacoandco.fr\/en\/wp-json\/wp\/v2\/posts\/2538","targetHints":{"allow":["GET"]}}],"collection":[{"href":"https:\/\/www.tacoandco.fr\/en\/wp-json\/wp\/v2\/posts"}],"about":[{"href":"https:\/\/www.tacoandco.fr\/en\/wp-json\/wp\/v2\/types\/post"}],"author":[{"embeddable":true,"href":"https:\/\/www.tacoandco.fr\/en\/wp-json\/wp\/v2\/users\/2"}],"replies":[{"embeddable":true,"href":"https:\/\/www.tacoandco.fr\/en\/wp-json\/wp\/v2\/comments?post=2538"}],"version-history":[{"count":0,"href":"https:\/\/www.tacoandco.fr\/en\/wp-json\/wp\/v2\/posts\/2538\/revisions"}],"wp:featuredmedia":[{"embeddable":true,"href":"https:\/\/www.tacoandco.fr\/en\/wp-json\/wp\/v2\/media\/2540"}],"wp:attachment":[{"href":"https:\/\/www.tacoandco.fr\/en\/wp-json\/wp\/v2\/media?parent=2538"}],"wp:term":[{"taxonomy":"category","embeddable":true,"href":"https:\/\/www.tacoandco.fr\/en\/wp-json\/wp\/v2\/categories?post=2538"},{"taxonomy":"post_tag","embeddable":true,"href":"https:\/\/www.tacoandco.fr\/en\/wp-json\/wp\/v2\/tags?post=2538"}],"curies":[{"name":"wp","href":"https:\/\/api.w.org\/{rel}","templated":true}]}}