{"id":2563,"date":"2013-09-04T08:57:41","date_gmt":"2013-09-04T08:57:41","guid":{"rendered":"http:\/\/www.tacoandco.fr\/?p=2563"},"modified":"2013-09-04T13:49:50","modified_gmt":"2013-09-04T13:49:50","slug":"feria-du-riz-2013-du-6-au-9-septembre-a-arles-voici-le-programme-des-arenes-darles","status":"publish","type":"post","link":"https:\/\/www.tacoandco.fr\/en\/blog\/2013\/09\/04\/feria-du-riz-2013-du-6-au-9-septembre-a-arles-voici-le-programme-des-arenes-darles\/","title":{"rendered":"F\u00e9ria du riz 2013 du 6 au 9 septembre \u00e0 Arles: Voici le programme des ar\u00e8nes d&rsquo;Arles"},"content":{"rendered":"<p>Voici le programme de la f\u00e9ria du riz 2013 qui se d\u00e9roulera du 6 au 9 septembre \u00e0 Arles:<\/p>\n<p>A noter qu&rsquo;\u00e0 l&rsquo;occasion de la f\u00e9ria du riz 2013, Envia met \u00e0 votre disposition des bus gratuits pour vous ramener \u00e0 la maison au d\u00e9part de Gabriel P\u00e9ry de 0h00 \u00e0 3h00.Plus d&rsquo;infos sur\u00a0<a title=\"http:\/\/www.tout-envia.com\/\" href=\"http:\/\/www.tout-envia.com\/\" target=\"_blank\">http:\/\/www.tout-envia.com\/<\/a><\/p>\n<figure id=\"attachment_2565\" aria-describedby=\"caption-attachment-2565\" style=\"width: 150px\" class=\"wp-caption aligncenter\"><a href=\"http:\/\/www.tacoandco.fr\/wp-content\/uploads\/2013\/09\/Envia-en-feria-2-Copier.jpg\"><img decoding=\"async\" class=\"size-thumbnail wp-image-2565\" alt=\"F\u00e9ria du riz avec Envia\" src=\"http:\/\/www.tacoandco.fr\/wp-content\/uploads\/2013\/09\/Envia-en-feria-2-Copier-150x150.jpg\" width=\"150\" height=\"150\" srcset=\"https:\/\/www.tacoandco.fr\/wp-content\/uploads\/2013\/09\/Envia-en-feria-2-Copier-150x150.jpg 150w, https:\/\/www.tacoandco.fr\/wp-content\/uploads\/2013\/09\/Envia-en-feria-2-Copier-30x30.jpg 30w, https:\/\/www.tacoandco.fr\/wp-content\/uploads\/2013\/09\/Envia-en-feria-2-Copier-84x84.jpg 84w, https:\/\/www.tacoandco.fr\/wp-content\/uploads\/2013\/09\/Envia-en-feria-2-Copier-185x185.jpg 185w\" sizes=\"(max-width: 150px) 100vw, 150px\" \/><\/a><figcaption id=\"caption-attachment-2565\" class=\"wp-caption-text\">F\u00e9ria du riz avec Envia<\/figcaption><\/figure>\n<p>Programme de la feria du riz 2013 \u00e0 Arles:<\/p>\n<p align=\"center\"><strong>VENDREDI 6 Septembre<\/strong><\/p>\n<p>17H30 NOVILLADA PIQU\u00c9E\u00a0Novillos Dos Hermanas<\/p>\n<p><strong>C\u00e9sar Valencia, Francisco Jos\u00e9 Espada et Lilian Ferrani.<\/strong><\/p>\n<p><strong>3 TALENTS, 3 NATIONS, 3 AMBITIONS<\/strong>.\u00a0Entre le v\u00e9n\u00e9zuelien C\u00e9sar Valencia, l\u2019espagnol Francisco Jos\u00e9 Espada et l\u2019arl\u00e9sien Lilian Ferrani, la competencia s\u2019annonce intense, avec pour enjeu, d\u00e9j\u00e0, la prochaine saison. Celle d\u2019une alternative possible dans son pays pour le premier, celle de la confirmation de leurs capacit\u00e9s \u00e0 affronter le haut niveau pour les deux autres. En septembre 2013,<br \/>\nc\u2019est la temporada 2014 qui se joue.<\/p>\n<p align=\"center\"><strong>22H Championnat d\u2019Europe des Recortadores.<\/strong><\/p>\n<p>Apr\u00e8s leur triomphe de l\u2019an pass\u00e9, les recortadores reviennent \u00e0 Arles pour le second championnat d\u2019Europe de la sp\u00e9cialit\u00e9. Sauts,<br \/>\ncourses, quiebros et feintes sont au programme, et l\u2019\u00e9motion garantie.<\/p>\n<p align=\"center\"><strong>SAMEDI 7 Septembre<\/strong><\/p>\n<p>17H30 CORRIDA GOYESQU<strong>E\u00a0<\/strong>Toros Domingo Hernandez<\/p>\n<p><strong>Enrique Ponce<\/strong><br \/>\n<strong>Juli\u00a0<\/strong><br \/>\n<strong>Juan Bautista<\/strong><\/p>\n<p><strong>LE SOMMET ARTISTIQUE DE LA SAISON.<\/strong>\u00a0En favorisant l\u2019osmose au plus haut niveau entre l\u2019\u00e9lite du toreo, des beaux-arts et du chant lyrique, la Corrida Goyesque d\u2019Arles r\u00e9alis\u00e9e cette ann\u00e9e par Rudy Ricciotti est devenue un \u00e9v\u00e9nement unique \u00e0 dimension mondiale. Ponce revient dans une ar\u00e8ne o\u00f9 il a souvent triomph\u00e9, le Juli, aur\u00e9ol\u00e9 de son triomphe s\u00e9villan, y fera son retour, tandis que Juan Bautista aura \u00e0 c\u0153ur de combler son public auquel il a toujours su tout donner.<\/p>\n<p align=\"center\"><strong>DIMANCHE 8 Septembre<\/strong><\/p>\n<p><strong>11H CORRIDA PORTUGAISE\u00a0<\/strong>Toros Gallon<\/p>\n<p>JOAO TELLES<strong><br \/>\n<\/strong><strong>Joao Moura\u00a0<\/strong>(hijo)<br \/>\n<strong>Gin\u00e9s Cartagena<\/strong>(hijo)<br \/>\n<strong>Forcados de Chamusca<\/strong><\/p>\n<p><strong>3 DYNASTIES DU TOREO A CHEVAL<\/strong><strong>.<\/strong>\u00a0Au classicisme \u00e9l\u00e9gant de Fermin Bohorquez, qui \u00e0 ses d\u00e9buts tor\u00e9a de nombreuses fois en compagnie des p\u00e8res de ses jeunes compa\u00f1eros, r\u00e9pondent la maestria pr\u00e9coce du cavaleiro portugais Joao Moura et la fougue d\u00e9brid\u00e9e de Gin\u00e9s Cartagena, espoir du rejoneo qui fera sa pr\u00e9sentation \u00e0 Arles. Les six toros seront arr\u00eat\u00e9s \u00e0 mains nues par les forcados.<\/p>\n<p align=\"center\"><strong>17H CORRIDA\u00a0<\/strong>Toros La Quinta<\/p>\n<p><strong>El Cid<\/strong><br \/>\n<strong>Manuel Escribano\u00a0<\/strong><br \/>\n<strong>Diego Silveti<\/strong><\/p>\n<p><strong>TORISME DE LUXE<\/strong>. Face au premier choix de la ganaderia de La Quinta, trois toreros aux destins diff\u00e9rents. Le Cid, qui retrouve un encaste auquel il doit en grande partie sa carri\u00e8re, Manuel Escribano, r\u00e9v\u00e9lation de la temporada apr\u00e8s avoir triomph\u00e9 face aux Miuras \u00e0 S\u00e9ville, et Diego Silveti num\u00e9ro 1 mexicain. Deux jeunes ambitieux et un magnifique v\u00e9t\u00e9ran.<\/p>\n<p style=\"text-align: left\" align=\"center\">Toutes les informations sur le site des Ar\u00e8nes d&rsquo;Arles:<a title=\"http:\/\/www.arenes-arles.com\/\" href=\"http:\/\/www.arenes-arles.com\/\" target=\"_blank\">http:\/\/www.arenes-arles.com<\/a><\/p>\n<figure id=\"attachment_2564\" aria-describedby=\"caption-attachment-2564\" style=\"width: 180px\" class=\"wp-caption aligncenter\"><a href=\"http:\/\/www.tacoandco.fr\/wp-content\/uploads\/2013\/09\/Navettes-gratuites-Envia-pour-rentrer-de-la-f\u00e9ria-1-Copier.jpg\"><img fetchpriority=\"high\" decoding=\"async\" class=\"size-medium wp-image-2564\" alt=\"Navettes gratuites Envia pour rentrer de la f\u00e9ria \" src=\"http:\/\/www.tacoandco.fr\/wp-content\/uploads\/2013\/09\/Navettes-gratuites-Envia-pour-rentrer-de-la-f\u00e9ria-1-Copier-180x300.jpg\" width=\"180\" height=\"300\" srcset=\"https:\/\/www.tacoandco.fr\/wp-content\/uploads\/2013\/09\/Navettes-gratuites-Envia-pour-rentrer-de-la-f\u00e9ria-1-Copier-180x300.jpg 180w, https:\/\/www.tacoandco.fr\/wp-content\/uploads\/2013\/09\/Navettes-gratuites-Envia-pour-rentrer-de-la-f\u00e9ria-1-Copier.jpg 360w\" sizes=\"(max-width: 180px) 100vw, 180px\" \/><\/a><figcaption id=\"caption-attachment-2564\" class=\"wp-caption-text\">Navettes gratuites Envia pour rentrer de la f\u00e9ria<\/figcaption><\/figure>","protected":false},"excerpt":{"rendered":"<p>Voici le programme de la f\u00e9ria du riz 2013 qui se d\u00e9roulera du 6 au 9 septembre \u00e0 Arles: A noter qu&rsquo;\u00e0 l&rsquo;occasion de la f\u00e9ria du riz 2013, Envia met \u00e0 votre disposition des bus gratuits pour vous ramener \u00e0 la maison au d\u00e9part de Gabriel P\u00e9ry de 0h00 \u00e0 3h00.Plus d&rsquo;infos sur\u00a0http:\/\/www.tout-envia.com\/ Programme [&hellip;]<\/p>","protected":false},"author":2,"featured_media":2554,"comment_status":"closed","ping_status":"closed","sticky":false,"template":"","format":"standard","meta":{"footnotes":""},"categories":[4,3],"tags":[],"class_list":["post-2563","post","type-post","status-publish","format-standard","has-post-thumbnail","hentry","category-accueil","category-actualites","entry","has-media"],"aioseo_notices":[],"_links":{"self":[{"href":"https:\/\/www.tacoandco.fr\/en\/wp-json\/wp\/v2\/posts\/2563","targetHints":{"allow":["GET"]}}],"collection":[{"href":"https:\/\/www.tacoandco.fr\/en\/wp-json\/wp\/v2\/posts"}],"about":[{"href":"https:\/\/www.tacoandco.fr\/en\/wp-json\/wp\/v2\/types\/post"}],"author":[{"embeddable":true,"href":"https:\/\/www.tacoandco.fr\/en\/wp-json\/wp\/v2\/users\/2"}],"replies":[{"embeddable":true,"href":"https:\/\/www.tacoandco.fr\/en\/wp-json\/wp\/v2\/comments?post=2563"}],"version-history":[{"count":0,"href":"https:\/\/www.tacoandco.fr\/en\/wp-json\/wp\/v2\/posts\/2563\/revisions"}],"wp:featuredmedia":[{"embeddable":true,"href":"https:\/\/www.tacoandco.fr\/en\/wp-json\/wp\/v2\/media\/2554"}],"wp:attachment":[{"href":"https:\/\/www.tacoandco.fr\/en\/wp-json\/wp\/v2\/media?parent=2563"}],"wp:term":[{"taxonomy":"category","embeddable":true,"href":"https:\/\/www.tacoandco.fr\/en\/wp-json\/wp\/v2\/categories?post=2563"},{"taxonomy":"post_tag","embeddable":true,"href":"https:\/\/www.tacoandco.fr\/en\/wp-json\/wp\/v2\/tags?post=2563"}],"curies":[{"name":"wp","href":"https:\/\/api.w.org\/{rel}","templated":true}]}}