{"id":2576,"date":"2013-09-05T10:46:36","date_gmt":"2013-09-05T10:46:36","guid":{"rendered":"http:\/\/www.tacoandco.fr\/?p=2576"},"modified":"2013-09-05T10:46:36","modified_gmt":"2013-09-05T10:46:36","slug":"navettes-gratuites-pendant-la-feria-du-riz-2013-a-arles-avec-envia","status":"publish","type":"post","link":"https:\/\/www.tacoandco.fr\/en\/blog\/2013\/09\/05\/navettes-gratuites-pendant-la-feria-du-riz-2013-a-arles-avec-envia\/","title":{"rendered":"Navettes gratuites pendant la f\u00e9ria du riz 2013 \u00e0 Arles avec Envia"},"content":{"rendered":"<p>Envia mets \u00e0 votre disposition des navettes gratuites \u00a0pendant la f\u00e9ria du riz 2013 \u00e0 Arles.<\/p>\n<p>Apr\u00e8s la f\u00e9ria d&rsquo;Arles, rentrez en toute s\u00e9r\u00e9nit\u00e9 avec Envia. Des navettes circuleront les vendredi 6 et samedi 7 septembre de minuit \u00e0 3h00.<\/p>\n<p>Voici les itin\u00e9raires des navettes gratuites \u00a0propos\u00e9s par Envia pour la f\u00e9ria du riz 2013:<\/p>\n<p>3 d\u00e9parts de Gabriel P\u00e9ri \u00e0 00h00, 01h30 et 03h00 vers Salin de Giraud, Mas Thibert, St Martin de Crau et Tarascon.<\/p>\n<p>Toutes les informations sur <a title=\"www.tout-envia.com\" href=\"\/en\/www.tout-envia.com\/\" target=\"_blank\">www.tout-envia.com<\/a><\/p>\n<p>Bonne f\u00e9ria !!!!!<\/p>\n<p>&nbsp;<\/p>\n<figure id=\"attachment_2577\" aria-describedby=\"caption-attachment-2577\" style=\"width: 800px\" class=\"wp-caption aligncenter\"><a href=\"http:\/\/www.tacoandco.fr\/wp-content\/uploads\/2013\/09\/Envia-en-feria-1-Copier.jpg\"><img fetchpriority=\"high\" decoding=\"async\" class=\"size-full wp-image-2577\" alt=\"Navettes gratuites pour f\u00e9ria du riz 2013 \u00e0 Arles\" src=\"http:\/\/www.tacoandco.fr\/wp-content\/uploads\/2013\/09\/Envia-en-feria-1-Copier.jpg\" width=\"800\" height=\"480\" srcset=\"https:\/\/www.tacoandco.fr\/wp-content\/uploads\/2013\/09\/Envia-en-feria-1-Copier.jpg 800w, https:\/\/www.tacoandco.fr\/wp-content\/uploads\/2013\/09\/Envia-en-feria-1-Copier-300x180.jpg 300w\" sizes=\"(max-width: 800px) 100vw, 800px\" \/><\/a><figcaption id=\"caption-attachment-2577\" class=\"wp-caption-text\">Navettes gratuites pour f\u00e9ria du riz 2013 \u00e0 Arles<\/figcaption><\/figure>\n<figure id=\"attachment_2553\" aria-describedby=\"caption-attachment-2553\" style=\"width: 400px\" class=\"wp-caption aligncenter\"><a href=\"http:\/\/www.tacoandco.fr\/wp-content\/uploads\/2013\/09\/F\u00e9ria-du-riz-2013-\u00e0-Arles-Envia-vous-transporte-gratuitement-2-Copier.jpg\"><img decoding=\"async\" class=\"size-full wp-image-2553\" alt=\"F\u00e9ria du riz 2013 \u00e0 Arles, Envia vous transporte gratuitement\" src=\"http:\/\/www.tacoandco.fr\/wp-content\/uploads\/2013\/09\/F\u00e9ria-du-riz-2013-\u00e0-Arles-Envia-vous-transporte-gratuitement-2-Copier.jpg\" width=\"400\" height=\"600\" srcset=\"https:\/\/www.tacoandco.fr\/wp-content\/uploads\/2013\/09\/F\u00e9ria-du-riz-2013-\u00e0-Arles-Envia-vous-transporte-gratuitement-2-Copier.jpg 400w, https:\/\/www.tacoandco.fr\/wp-content\/uploads\/2013\/09\/F\u00e9ria-du-riz-2013-\u00e0-Arles-Envia-vous-transporte-gratuitement-2-Copier-200x300.jpg 200w\" sizes=\"(max-width: 400px) 100vw, 400px\" \/><\/a><figcaption id=\"caption-attachment-2553\" class=\"wp-caption-text\">F\u00e9ria du riz 2013 \u00e0 Arles, Envia vous transporte gratuitement<\/figcaption><\/figure>\n<p>&nbsp;<\/p>\n<p>&nbsp;<\/p>\n<p>&nbsp;<\/p>","protected":false},"excerpt":{"rendered":"<p>Envia mets \u00e0 votre disposition des navettes gratuites \u00a0pendant la f\u00e9ria du riz 2013 \u00e0 Arles. Apr\u00e8s la f\u00e9ria d&rsquo;Arles, rentrez en toute s\u00e9r\u00e9nit\u00e9 avec Envia. Des navettes circuleront les vendredi 6 et samedi 7 septembre de minuit \u00e0 3h00. Voici les itin\u00e9raires des navettes gratuites \u00a0propos\u00e9s par Envia pour la f\u00e9ria du riz 2013: [&hellip;]<\/p>","protected":false},"author":2,"featured_media":2554,"comment_status":"closed","ping_status":"closed","sticky":false,"template":"","format":"standard","meta":{"footnotes":""},"categories":[4,3],"tags":[],"class_list":["post-2576","post","type-post","status-publish","format-standard","has-post-thumbnail","hentry","category-accueil","category-actualites","entry","has-media"],"aioseo_notices":[],"_links":{"self":[{"href":"https:\/\/www.tacoandco.fr\/en\/wp-json\/wp\/v2\/posts\/2576","targetHints":{"allow":["GET"]}}],"collection":[{"href":"https:\/\/www.tacoandco.fr\/en\/wp-json\/wp\/v2\/posts"}],"about":[{"href":"https:\/\/www.tacoandco.fr\/en\/wp-json\/wp\/v2\/types\/post"}],"author":[{"embeddable":true,"href":"https:\/\/www.tacoandco.fr\/en\/wp-json\/wp\/v2\/users\/2"}],"replies":[{"embeddable":true,"href":"https:\/\/www.tacoandco.fr\/en\/wp-json\/wp\/v2\/comments?post=2576"}],"version-history":[{"count":0,"href":"https:\/\/www.tacoandco.fr\/en\/wp-json\/wp\/v2\/posts\/2576\/revisions"}],"wp:featuredmedia":[{"embeddable":true,"href":"https:\/\/www.tacoandco.fr\/en\/wp-json\/wp\/v2\/media\/2554"}],"wp:attachment":[{"href":"https:\/\/www.tacoandco.fr\/en\/wp-json\/wp\/v2\/media?parent=2576"}],"wp:term":[{"taxonomy":"category","embeddable":true,"href":"https:\/\/www.tacoandco.fr\/en\/wp-json\/wp\/v2\/categories?post=2576"},{"taxonomy":"post_tag","embeddable":true,"href":"https:\/\/www.tacoandco.fr\/en\/wp-json\/wp\/v2\/tags?post=2576"}],"curies":[{"name":"wp","href":"https:\/\/api.w.org\/{rel}","templated":true}]}}