{"id":2581,"date":"2013-09-12T07:29:54","date_gmt":"2013-09-12T07:29:54","guid":{"rendered":"http:\/\/www.tacoandco.fr\/?p=2581"},"modified":"2013-09-12T07:29:54","modified_gmt":"2013-09-12T07:29:54","slug":"exposition-nuage-au-musee-reattu-a-arles-jusquau-31-octobre-2013","status":"publish","type":"post","link":"https:\/\/www.tacoandco.fr\/en\/blog\/2013\/09\/12\/exposition-nuage-au-musee-reattu-a-arles-jusquau-31-octobre-2013\/","title":{"rendered":"Exposition Nuage au Mus\u00e9e R\u00e9attu \u00e0 Arles jusqu&rsquo;au 31 octobre 2013"},"content":{"rendered":"<p>Venez d\u00e9couvrir Nuage, l&rsquo;exposition d&rsquo;Art contemporain du mus\u00e9e R\u00e9attu jusqu&rsquo;au 31 octobre 2013 \u00e0 Arles.<\/p>\n<p>L&rsquo;exposition Nuage comporte plus de 120 oeuvres de 57 artistes, pr\u00e9sent\u00e9es dans le cadre \u00a0de \u00a0Marseille Provence 2013.<\/p>\n<p>Le mus\u00e9e r\u00e9attu,\u00a0Mus\u00e9e des beaux-arts et d\u2019art contemporain de la Ville d\u2019Arles est situ\u00e9 sur le bord du Rh\u00f4ne au\u00a010 rue du Grand Prieur\u00e9 \u2013 13200 Arles.<\/p>\n<p>Le mus\u00e9e R\u00e9attu \u00e0 Arles est ouvert du Mardi au dimanche de 11h \u00e0 19h.<\/p>\n<p><em id=\"__mceDel\"><em id=\"__mceDel\">Plus d&rsquo;infos au :T\u00e9l. +33 (0)4 90 49 49 37 58 ou sur\u00a0<\/em><\/em><em id=\"__mceDel\" style=\"font-size: 13px;line-height: 19px\"><em id=\"__mceDel\"><em id=\"__mceDel\"><em id=\"__mceDel\"><a title=\"www.museereattu.arles.fr \" href=\"\/en\/www.museereattu.arles.fr\/\" target=\"_blank\">www.museereattu.arles.fr\u00a0<\/a><\/em><\/em><\/em><\/em><\/p>\n<p>&nbsp;<\/p>\n<figure id=\"attachment_2236\" aria-describedby=\"caption-attachment-2236\" style=\"width: 400px\" class=\"wp-caption aligncenter\"><a href=\"http:\/\/www.tacoandco.fr\/wp-content\/uploads\/2013\/05\/Nuage-au-Mus\u00e9e-R\u00e9attu-Copier.jpg\"><img fetchpriority=\"high\" decoding=\"async\" class=\"size-full wp-image-2236\" alt=\"Nuage au Mus\u00e9e R\u00e9attu\" src=\"http:\/\/www.tacoandco.fr\/wp-content\/uploads\/2013\/05\/Nuage-au-Mus\u00e9e-R\u00e9attu-Copier.jpg\" width=\"400\" height=\"600\" srcset=\"https:\/\/www.tacoandco.fr\/wp-content\/uploads\/2013\/05\/Nuage-au-Mus\u00e9e-R\u00e9attu-Copier.jpg 400w, https:\/\/www.tacoandco.fr\/wp-content\/uploads\/2013\/05\/Nuage-au-Mus\u00e9e-R\u00e9attu-Copier-200x300.jpg 200w\" sizes=\"(max-width: 400px) 100vw, 400px\" \/><\/a><figcaption id=\"caption-attachment-2236\" class=\"wp-caption-text\">Nuage au Mus\u00e9e R\u00e9attu<\/figcaption><\/figure>\n<p>&nbsp;<\/p>\n<figure id=\"attachment_2582\" aria-describedby=\"caption-attachment-2582\" style=\"width: 800px\" class=\"wp-caption aligncenter\"><a href=\"http:\/\/www.tacoandco.fr\/wp-content\/uploads\/2013\/09\/WP_20130910_016-Copier.jpg\"><img decoding=\"async\" class=\"size-full wp-image-2582\" alt=\"Nuage au mus\u00e9e R\u00e9attu jusqu'au 31 octobre 2013 \u00e0 Arles\" src=\"http:\/\/www.tacoandco.fr\/wp-content\/uploads\/2013\/09\/WP_20130910_016-Copier.jpg\" width=\"800\" height=\"480\" srcset=\"https:\/\/www.tacoandco.fr\/wp-content\/uploads\/2013\/09\/WP_20130910_016-Copier.jpg 800w, https:\/\/www.tacoandco.fr\/wp-content\/uploads\/2013\/09\/WP_20130910_016-Copier-300x180.jpg 300w\" sizes=\"(max-width: 800px) 100vw, 800px\" \/><\/a><figcaption id=\"caption-attachment-2582\" class=\"wp-caption-text\">Nuage au mus\u00e9e R\u00e9attu jusqu&rsquo;au 31 octobre 2013 \u00e0 Arles<\/figcaption><\/figure>\n<p>&nbsp;<\/p>\n<figure id=\"attachment_2583\" aria-describedby=\"caption-attachment-2583\" style=\"width: 800px\" class=\"wp-caption aligncenter\"><a href=\"http:\/\/www.tacoandco.fr\/wp-content\/uploads\/2013\/09\/WP_20130910_011-Copier.jpg\"><img decoding=\"async\" class=\"size-full wp-image-2583\" alt=\"Exposition Nuage au mus\u00e9e R\u00e9attu d'Arles\" src=\"http:\/\/www.tacoandco.fr\/wp-content\/uploads\/2013\/09\/WP_20130910_011-Copier.jpg\" width=\"800\" height=\"480\" srcset=\"https:\/\/www.tacoandco.fr\/wp-content\/uploads\/2013\/09\/WP_20130910_011-Copier.jpg 800w, https:\/\/www.tacoandco.fr\/wp-content\/uploads\/2013\/09\/WP_20130910_011-Copier-300x180.jpg 300w\" sizes=\"(max-width: 800px) 100vw, 800px\" \/><\/a><figcaption id=\"caption-attachment-2583\" class=\"wp-caption-text\">Exposition Nuage au mus\u00e9e R\u00e9attu d&rsquo;Arles<\/figcaption><\/figure>\n<p>&nbsp;<\/p>\n<p>&nbsp;<\/p>","protected":false},"excerpt":{"rendered":"<p>Venez d\u00e9couvrir Nuage, l&rsquo;exposition d&rsquo;Art contemporain du mus\u00e9e R\u00e9attu jusqu&rsquo;au 31 octobre 2013 \u00e0 Arles. L&rsquo;exposition Nuage comporte plus de 120 oeuvres de 57 artistes, pr\u00e9sent\u00e9es dans le cadre \u00a0de \u00a0Marseille Provence 2013. Le mus\u00e9e r\u00e9attu,\u00a0Mus\u00e9e des beaux-arts et d\u2019art contemporain de la Ville d\u2019Arles est situ\u00e9 sur le bord du Rh\u00f4ne au\u00a010 rue du [&hellip;]<\/p>","protected":false},"author":2,"featured_media":2236,"comment_status":"closed","ping_status":"closed","sticky":false,"template":"","format":"standard","meta":{"footnotes":""},"categories":[4,3],"tags":[],"class_list":["post-2581","post","type-post","status-publish","format-standard","has-post-thumbnail","hentry","category-accueil","category-actualites","entry","has-media"],"aioseo_notices":[],"_links":{"self":[{"href":"https:\/\/www.tacoandco.fr\/en\/wp-json\/wp\/v2\/posts\/2581","targetHints":{"allow":["GET"]}}],"collection":[{"href":"https:\/\/www.tacoandco.fr\/en\/wp-json\/wp\/v2\/posts"}],"about":[{"href":"https:\/\/www.tacoandco.fr\/en\/wp-json\/wp\/v2\/types\/post"}],"author":[{"embeddable":true,"href":"https:\/\/www.tacoandco.fr\/en\/wp-json\/wp\/v2\/users\/2"}],"replies":[{"embeddable":true,"href":"https:\/\/www.tacoandco.fr\/en\/wp-json\/wp\/v2\/comments?post=2581"}],"version-history":[{"count":0,"href":"https:\/\/www.tacoandco.fr\/en\/wp-json\/wp\/v2\/posts\/2581\/revisions"}],"wp:featuredmedia":[{"embeddable":true,"href":"https:\/\/www.tacoandco.fr\/en\/wp-json\/wp\/v2\/media\/2236"}],"wp:attachment":[{"href":"https:\/\/www.tacoandco.fr\/en\/wp-json\/wp\/v2\/media?parent=2581"}],"wp:term":[{"taxonomy":"category","embeddable":true,"href":"https:\/\/www.tacoandco.fr\/en\/wp-json\/wp\/v2\/categories?post=2581"},{"taxonomy":"post_tag","embeddable":true,"href":"https:\/\/www.tacoandco.fr\/en\/wp-json\/wp\/v2\/tags?post=2581"}],"curies":[{"name":"wp","href":"https:\/\/api.w.org\/{rel}","templated":true}]}}